{"id":75165,"date":"2021-05-03T17:29:06","date_gmt":"2021-05-03T20:29:06","guid":{"rendered":"https:\/\/tvtecjundiai.com.br\/news\/?p=75165"},"modified":"2021-05-03T17:32:16","modified_gmt":"2021-05-03T20:32:16","slug":"prefeitura-de-jundiai-faz-rocada-em-85-milhoes-de-m-de-areas-verdes-no-primeiro-quadrimestre-de-2021-1","status":"publish","type":"post","link":"https:\/\/tvtecjundiai.com.br\/news\/2021\/05\/03\/prefeitura-de-jundiai-faz-rocada-em-85-milhoes-de-m-de-areas-verdes-no-primeiro-quadrimestre-de-2021-1\/","title":{"rendered":"Ro\u00e7ada ultrapassa os 8,5 milh\u00f5es de m\u00b2 de \u00e1reas verdes em Jundia\u00ed"},"content":{"rendered":"\n<p>A Prefeitura de Jundia\u00ed, por meio da Unidade de Infraestrutura e Servi\u00e7os P\u00fablicos (UGISP), fez o trabalho de ro\u00e7ada em 8,5 milh\u00f5es de metros quadrados de \u00e1reas verdes na cidade no primeiro quadrimestre de 2021, segundo dados do Departamento de Parques, Jardins e Pra\u00e7as. O trabalho passa por ruas, avenidas, pra\u00e7as e outras \u00e1reas p\u00fablicas. Nos primeiros meses do ano, com as chuvas, o mato cresceu mais r\u00e1pido, o que fez com que o trabalho fosse intensificado, inclusive com mutir\u00f5es aos finais de semana.<\/p>\n\n\n\n<figure class=\"wp-block-image size-large\"><img loading=\"lazy\" decoding=\"async\" width=\"1200\" height=\"801\" src=\"https:\/\/tvtecjundiai.com.br\/news\/wp-content\/uploads\/sites\/2\/2021\/05\/rocada_guanabara-75-1200x801.jpg\" alt=\"\" class=\"wp-image-75166\" srcset=\"https:\/\/tvtecjundiai.com.br\/news\/wp-content\/uploads\/sites\/2\/2021\/05\/rocada_guanabara-75-1200x801.jpg 1200w, https:\/\/tvtecjundiai.com.br\/news\/wp-content\/uploads\/sites\/2\/2021\/05\/rocada_guanabara-75-300x200.jpg 300w, https:\/\/tvtecjundiai.com.br\/news\/wp-content\/uploads\/sites\/2\/2021\/05\/rocada_guanabara-75-768x512.jpg 768w, https:\/\/tvtecjundiai.com.br\/news\/wp-content\/uploads\/sites\/2\/2021\/05\/rocada_guanabara-75.jpg 1280w\" sizes=\"auto, (max-width: 1200px) 100vw, 1200px\" \/><figcaption>Equipe de ro\u00e7ada na avenida Alceu Dami\u00e3o Peixoto, nesta segunda-feira (03), no Jardim Guanabara<\/figcaption><\/figure>\n\n\n\n<p>Segundo o diretor do Departamento de Parques, Jardins e Pra\u00e7as, Rudislei Santos, a partir de fevereiro, com um trabalho de readequa\u00e7\u00e3o das equipes, foi poss\u00edvel aumentar a \u00e1rea ro\u00e7ada em 18% na compara\u00e7\u00e3o com dezembro e janeiro. \u201cFoi um trabalho de intelig\u00eancia e log\u00edstica, o que permitiu que as equipes se deslocassem menos e fizessem a cobertura de uma \u00e1rea maior\u201d, explica.<\/p>\n\n\n\n<figure class=\"wp-block-image size-large\"><img loading=\"lazy\" decoding=\"async\" width=\"1200\" height=\"800\" src=\"https:\/\/tvtecjundiai.com.br\/news\/wp-content\/uploads\/sites\/2\/2021\/05\/rocada_espelho_da_agua-21-1200x800.jpg\" alt=\"\" class=\"wp-image-75167\" srcset=\"https:\/\/tvtecjundiai.com.br\/news\/wp-content\/uploads\/sites\/2\/2021\/05\/rocada_espelho_da_agua-21-1200x800.jpg 1200w, https:\/\/tvtecjundiai.com.br\/news\/wp-content\/uploads\/sites\/2\/2021\/05\/rocada_espelho_da_agua-21-300x200.jpg 300w, https:\/\/tvtecjundiai.com.br\/news\/wp-content\/uploads\/sites\/2\/2021\/05\/rocada_espelho_da_agua-21-768x512.jpg 768w, https:\/\/tvtecjundiai.com.br\/news\/wp-content\/uploads\/sites\/2\/2021\/05\/rocada_espelho_da_agua-21.jpg 1280w\" sizes=\"auto, (max-width: 1200px) 100vw, 1200px\" \/><figcaption>Regi\u00e3o da Avenida Geraldo Azzoni, no Rio Acima, tamb\u00e9m recebe a equipe de ro\u00e7ada<\/figcaption><\/figure>\n\n\n\n<p>Para a ro\u00e7ada, a UGISP conta com 19 equipes e mais cinco equipes extras. S\u00e3o oito homens em cada \u2013 tr\u00eas ro\u00e7adores, quatro ajudantes e um encarregado. Como o volume de chuvas ficou menor, os mutir\u00f5es n\u00e3o s\u00e3o mais necess\u00e1rios. No entanto, at\u00e9 o fim de maio ser\u00e3o mantidas as cinco equipes a mais, com o trabalho de ro\u00e7ada em estradas rurais. \u201cNeste momento estamos atuando na avenida Geraldo Azzoni, no Rio Acima\u201d, informa o diretor.<\/p>\n\n\n\n<p><em>(Texto\/Imagem: Prefeitura de Jundia\u00ed)<\/em><\/p>\n","protected":false},"excerpt":{"rendered":"<p>Com as chuvas, o mato cresceu mais r\u00e1pido, o que fez com que o trabalho fosse intensificado<\/p>\n","protected":false},"author":28,"featured_media":75167,"comment_status":"closed","ping_status":"closed","sticky":false,"template":"","format":"standard","meta":{"footnotes":""},"categories":[8356,1],"tags":[],"class_list":["post-75165","post","type-post","status-publish","format-standard","has-post-thumbnail","hentry","category-jundiai","category-noticias"],"_links":{"self":[{"href":"https:\/\/tvtecjundiai.com.br\/news\/wp-json\/wp\/v2\/posts\/75165","targetHints":{"allow":["GET"]}}],"collection":[{"href":"https:\/\/tvtecjundiai.com.br\/news\/wp-json\/wp\/v2\/posts"}],"about":[{"href":"https:\/\/tvtecjundiai.com.br\/news\/wp-json\/wp\/v2\/types\/post"}],"author":[{"embeddable":true,"href":"https:\/\/tvtecjundiai.com.br\/news\/wp-json\/wp\/v2\/users\/28"}],"replies":[{"embeddable":true,"href":"https:\/\/tvtecjundiai.com.br\/news\/wp-json\/wp\/v2\/comments?post=75165"}],"version-history":[{"count":3,"href":"https:\/\/tvtecjundiai.com.br\/news\/wp-json\/wp\/v2\/posts\/75165\/revisions"}],"predecessor-version":[{"id":75171,"href":"https:\/\/tvtecjundiai.com.br\/news\/wp-json\/wp\/v2\/posts\/75165\/revisions\/75171"}],"wp:featuredmedia":[{"embeddable":true,"href":"https:\/\/tvtecjundiai.com.br\/news\/wp-json\/wp\/v2\/media\/75167"}],"wp:attachment":[{"href":"https:\/\/tvtecjundiai.com.br\/news\/wp-json\/wp\/v2\/media?parent=75165"}],"wp:term":[{"taxonomy":"category","embeddable":true,"href":"https:\/\/tvtecjundiai.com.br\/news\/wp-json\/wp\/v2\/categories?post=75165"},{"taxonomy":"post_tag","embeddable":true,"href":"https:\/\/tvtecjundiai.com.br\/news\/wp-json\/wp\/v2\/tags?post=75165"}],"curies":[{"name":"wp","href":"https:\/\/api.w.org\/{rel}","templated":true}]}}