{"id":75169,"date":"2021-05-03T17:34:36","date_gmt":"2021-05-03T20:34:36","guid":{"rendered":"https:\/\/tvtecjundiai.com.br\/news\/?p=75169"},"modified":"2021-05-03T17:34:36","modified_gmt":"2021-05-03T20:34:36","slug":"paulo-gustavo-tem-piora-grave-apos-sofrer-embolia","status":"publish","type":"post","link":"https:\/\/tvtecjundiai.com.br\/news\/2021\/05\/03\/paulo-gustavo-tem-piora-grave-apos-sofrer-embolia\/","title":{"rendered":"Paulo Gustavo tem piora grave ap\u00f3s sofrer embolia"},"content":{"rendered":"\n<p>Paulo Gustavo sofreu uma piora em seu estado de sa\u00fade. Em comunicado enviado pela assessoria de imprensa, \u00e9 informado que o ator teve uma embolia devido \u00e0 uma f\u00edstula bronqu\u00edolo-venosa &#8211; abertura entre os pulm\u00f5es e as veias. O humorista, de 42 anos de idade, est\u00e1 internado desde o dia 13 de mar\u00e7o.<\/p>\n\n\n\n<p>&#8220;Internado desde 13 de mar\u00e7o, no Rio de Janeiro, com quadro de Covid-19, Paulo Gustavo permanece no Servi\u00e7o de Terapia Intensiva e nas \u00faltimas 24 horas surgiram complica\u00e7\u00f5es graves. Depois de alguma melhora, Paulo Gustavo subitamente piorou no dia de ontem. A equipe m\u00e9dica emitiu, hoje, novo boletim: &#8216;Ontem \u00e0 tarde, ap\u00f3s redu\u00e7\u00e3o dos sedativos e do bloqueador neuromuscular, o paciente acordou e interagiu bem com a equipe profissional e com o seu marido&#8221;, diz a nota enviada \u00e0 imprensa.<\/p>\n\n\n\n<div class=\"wp-block-image\"><figure class=\"aligncenter size-large\"><img loading=\"lazy\" decoding=\"async\" width=\"620\" height=\"413\" src=\"https:\/\/tvtecjundiai.com.br\/news\/wp-content\/uploads\/sites\/2\/2021\/05\/paulo.jpg\" alt=\"\" class=\"wp-image-75172\" srcset=\"https:\/\/tvtecjundiai.com.br\/news\/wp-content\/uploads\/sites\/2\/2021\/05\/paulo.jpg 620w, https:\/\/tvtecjundiai.com.br\/news\/wp-content\/uploads\/sites\/2\/2021\/05\/paulo-300x200.jpg 300w\" sizes=\"auto, (max-width: 620px) 100vw, 620px\" \/><figcaption>Paulo Gustavo tem piora em seu estado de sa\u00fade<\/figcaption><\/figure><\/div>\n\n\n\n<p>&#8220;\u00c0 noite, subitamente, houve piora acentuada do n\u00edvel de consci\u00eancia e dos sinais vitais, quando novos exames demonstraram ter havido embolia gasosa disseminada, incluindo o sistema nervoso central, em decorr\u00eancia de uma f\u00edstula bronqu\u00edolo-venosa. Infelizmente, a situa\u00e7\u00e3o cl\u00ednica atual \u00e9 inst\u00e1vel e de extrema gravidade. A fam\u00edlia do ator continua agradecendo todo o carinho e pedindo ora\u00e7\u00f5es para uma recupera\u00e7\u00e3o de Paulo Gustavo, assim como das demais pessoas acometidas por essa doen\u00e7a terr\u00edvel&#8221;, conclui o comunicado.<\/p>\n\n\n\n<p>INTERNA\u00c7\u00c3O<br>O humorista Paulo Gustavo, conhecido por Minha M\u00e3e \u00e9 Uma Pe\u00e7a e Vai Que Cola, foi internado em um hospital no Rio de Janeiro no dia 13 de mar\u00e7o. No dia 21 de mar\u00e7o, uma semana mais tarde, foi informado que o ator havia sido intubado &#8220;para ser tratado de forma mais segura&#8221;.<\/p>\n\n\n\n<p>Ap\u00f3s apresentar alguns sinais de recupera\u00e7\u00e3o, Paulo teve uma piora no come\u00e7o de abril e teve que ser submetido ao tratamento com a ECMO &#8211; uma t\u00e9cnica de Oxigena\u00e7\u00e3o por Membrana Extracorp\u00f3rea.<\/p>\n\n\n\n<p>A ECMO funciona como pulm\u00f5es e cora\u00e7\u00e3o artificiais em pacientes que est\u00e3o com os \u00f3rg\u00e3os comprometidos e tem sido utilizado em casos graves de pacientes com Covid-19. Enquanto os respiradores auxiliam em fornecer mais oxig\u00eanio para os pacientes, a ECMO serve como um segundo pulm\u00e3o, para que a pessoa tenha maiores condi\u00e7\u00f5es cl\u00ednicas para a recupera\u00e7\u00e3o.<\/p>\n\n\n\n<p>Dias mais tarde, Paulo foi submetido \u00e0 uma pleuroscopia, quando foi identificada uma f\u00edstula bronco-pleural que impedia a adequada ventila\u00e7\u00e3o mec\u00e2nica. Na mesma semana, ele precisou de uma transfus\u00e3o de sangue, fazendo com que seu marido, Thales Bretas, come\u00e7asse uma grande campanha por doa\u00e7\u00f5es nas redes sociais.<\/p>\n\n\n\n<p>Al\u00e9m do m\u00e9dico, a irm\u00e3, Juliana, e a m\u00e3e, Dona D\u00e9a Lucia, t\u00eam pedido ora\u00e7\u00f5es por Paulo no Instagram. Na semana seguinte, em 15 de abril, foi informado pela primeira vez que o quadro de Paulo havia estabilizado, desde ent\u00e3o ele n\u00e3o apresentou novos sinais de piora preocupantes.<\/p>\n\n\n\n<p>Nas redes sociais, amigos famosos pediram ora\u00e7\u00f5es e publicaram mensagens positivas para Paulo Gustavo. Tat\u00e1 Werneck, Monica Martelli, Ingrid Guimar\u00e3es, Marcus Majella, Juliana Paes, entre outras dezenas de celebridades mostraram seu apoio ao humorista e a sua fam\u00edlia.<\/p>\n\n\n\n<p><em>(Texto\/Imagem: O Globo)<\/em><\/p>\n","protected":false},"excerpt":{"rendered":"<p>Ator teve uma f\u00edstula bronqu\u00edolo-venosa e seu estado de sa\u00fade \u00e9 de &#8220;extrema gravidade&#8221;<\/p>\n","protected":false},"author":28,"featured_media":75172,"comment_status":"closed","ping_status":"closed","sticky":false,"template":"","format":"standard","meta":{"footnotes":""},"categories":[8356,1],"tags":[],"class_list":["post-75169","post","type-post","status-publish","format-standard","has-post-thumbnail","hentry","category-jundiai","category-noticias"],"_links":{"self":[{"href":"https:\/\/tvtecjundiai.com.br\/news\/wp-json\/wp\/v2\/posts\/75169","targetHints":{"allow":["GET"]}}],"collection":[{"href":"https:\/\/tvtecjundiai.com.br\/news\/wp-json\/wp\/v2\/posts"}],"about":[{"href":"https:\/\/tvtecjundiai.com.br\/news\/wp-json\/wp\/v2\/types\/post"}],"author":[{"embeddable":true,"href":"https:\/\/tvtecjundiai.com.br\/news\/wp-json\/wp\/v2\/users\/28"}],"replies":[{"embeddable":true,"href":"https:\/\/tvtecjundiai.com.br\/news\/wp-json\/wp\/v2\/comments?post=75169"}],"version-history":[{"count":1,"href":"https:\/\/tvtecjundiai.com.br\/news\/wp-json\/wp\/v2\/posts\/75169\/revisions"}],"predecessor-version":[{"id":75173,"href":"https:\/\/tvtecjundiai.com.br\/news\/wp-json\/wp\/v2\/posts\/75169\/revisions\/75173"}],"wp:featuredmedia":[{"embeddable":true,"href":"https:\/\/tvtecjundiai.com.br\/news\/wp-json\/wp\/v2\/media\/75172"}],"wp:attachment":[{"href":"https:\/\/tvtecjundiai.com.br\/news\/wp-json\/wp\/v2\/media?parent=75169"}],"wp:term":[{"taxonomy":"category","embeddable":true,"href":"https:\/\/tvtecjundiai.com.br\/news\/wp-json\/wp\/v2\/categories?post=75169"},{"taxonomy":"post_tag","embeddable":true,"href":"https:\/\/tvtecjundiai.com.br\/news\/wp-json\/wp\/v2\/tags?post=75169"}],"curies":[{"name":"wp","href":"https:\/\/api.w.org\/{rel}","templated":true}]}}