{"id":75176,"date":"2021-05-04T08:59:53","date_gmt":"2021-05-04T11:59:53","guid":{"rendered":"https:\/\/tvtecjundiai.com.br\/news\/?p=75176"},"modified":"2021-05-04T08:59:53","modified_gmt":"2021-05-04T11:59:53","slug":"jundiai-recebe-24-350-doses-de-vacinas-contra-covid-19-o-maior-lote-ate-agora","status":"publish","type":"post","link":"https:\/\/tvtecjundiai.com.br\/news\/2021\/05\/04\/jundiai-recebe-24-350-doses-de-vacinas-contra-covid-19-o-maior-lote-ate-agora\/","title":{"rendered":"Jundia\u00ed recebe 24.350 doses de vacinas contra COVID-19, o maior lote at\u00e9 agora"},"content":{"rendered":"\n<p>As equipes da Prefeitura de Jundia\u00ed, da Unidade de Gest\u00e3o de Promo\u00e7\u00e3o da Sa\u00fade (UGPS), far\u00e3o a retirada em Campinas, no Departamento Regional de Sa\u00fade (DRS), na tarde desta ter\u00e7a-feira (4), da maior entrega de doses contra COVID-19 j\u00e1 feita em um \u00fanico lote: 24.350. O quantitativo atender\u00e1 primeiras e segundas doses de p\u00fablicos como idosos com 60 anos ou mais, profissionais da Sa\u00fade e profissionais da Educa\u00e7\u00e3o.<\/p>\n\n\n\n<div class=\"wp-block-image\"><figure class=\"aligncenter size-large\"><img loading=\"lazy\" decoding=\"async\" width=\"1200\" height=\"800\" src=\"https:\/\/tvtecjundiai.com.br\/news\/wp-content\/uploads\/sites\/2\/2021\/05\/chegada_vacina_covid_influenza-2-1200x800.jpg\" alt=\"\" class=\"wp-image-75177\" srcset=\"https:\/\/tvtecjundiai.com.br\/news\/wp-content\/uploads\/sites\/2\/2021\/05\/chegada_vacina_covid_influenza-2-1200x800.jpg 1200w, https:\/\/tvtecjundiai.com.br\/news\/wp-content\/uploads\/sites\/2\/2021\/05\/chegada_vacina_covid_influenza-2-300x200.jpg 300w, https:\/\/tvtecjundiai.com.br\/news\/wp-content\/uploads\/sites\/2\/2021\/05\/chegada_vacina_covid_influenza-2-768x512.jpg 768w, https:\/\/tvtecjundiai.com.br\/news\/wp-content\/uploads\/sites\/2\/2021\/05\/chegada_vacina_covid_influenza-2.jpg 1280w\" sizes=\"auto, (max-width: 1200px) 100vw, 1200px\" \/><figcaption>Retirada de doses ser\u00e1 feita em Campinas; essa ser\u00e1 a maior entrega j\u00e1 disponibilizada para Jundia\u00ed desde o in\u00edcio da aplica\u00e7\u00e3o<\/figcaption><\/figure><\/div>\n\n\n\n<p>Ao todo, o quantitativo est\u00e1 distribu\u00eddo em 21.890 doses em primeira aplica\u00e7\u00e3o (D1) e 2.460 segundas doses (D2). O agendamento ser\u00e1 iniciado a partir de ter\u00e7a-feira (4), para idosos 68+ e segue nos demais dias da semana para os demais grupos, conforme calend\u00e1rio que ser\u00e1 divulgado nesta ter\u00e7a-feira.<\/p>\n\n\n\n<p><em>(Fonte\/Imagem: Prefeitura de Jundia\u00ed)<\/em><\/p>\n","protected":false},"excerpt":{"rendered":"<p>As equipes da Prefeitura de Jundia\u00ed far\u00e3o a retirada em Campinas nesta ter\u00e7a (04)<\/p>\n","protected":false},"author":25,"featured_media":75177,"comment_status":"closed","ping_status":"closed","sticky":false,"template":"","format":"standard","meta":{"footnotes":""},"categories":[1,2839],"tags":[],"class_list":["post-75176","post","type-post","status-publish","format-standard","has-post-thumbnail","hentry","category-noticias","category-saude"],"_links":{"self":[{"href":"https:\/\/tvtecjundiai.com.br\/news\/wp-json\/wp\/v2\/posts\/75176","targetHints":{"allow":["GET"]}}],"collection":[{"href":"https:\/\/tvtecjundiai.com.br\/news\/wp-json\/wp\/v2\/posts"}],"about":[{"href":"https:\/\/tvtecjundiai.com.br\/news\/wp-json\/wp\/v2\/types\/post"}],"author":[{"embeddable":true,"href":"https:\/\/tvtecjundiai.com.br\/news\/wp-json\/wp\/v2\/users\/25"}],"replies":[{"embeddable":true,"href":"https:\/\/tvtecjundiai.com.br\/news\/wp-json\/wp\/v2\/comments?post=75176"}],"version-history":[{"count":1,"href":"https:\/\/tvtecjundiai.com.br\/news\/wp-json\/wp\/v2\/posts\/75176\/revisions"}],"predecessor-version":[{"id":75178,"href":"https:\/\/tvtecjundiai.com.br\/news\/wp-json\/wp\/v2\/posts\/75176\/revisions\/75178"}],"wp:featuredmedia":[{"embeddable":true,"href":"https:\/\/tvtecjundiai.com.br\/news\/wp-json\/wp\/v2\/media\/75177"}],"wp:attachment":[{"href":"https:\/\/tvtecjundiai.com.br\/news\/wp-json\/wp\/v2\/media?parent=75176"}],"wp:term":[{"taxonomy":"category","embeddable":true,"href":"https:\/\/tvtecjundiai.com.br\/news\/wp-json\/wp\/v2\/categories?post=75176"},{"taxonomy":"post_tag","embeddable":true,"href":"https:\/\/tvtecjundiai.com.br\/news\/wp-json\/wp\/v2\/tags?post=75176"}],"curies":[{"name":"wp","href":"https:\/\/api.w.org\/{rel}","templated":true}]}}