{"id":75183,"date":"2021-05-04T12:06:01","date_gmt":"2021-05-04T15:06:01","guid":{"rendered":"https:\/\/tvtecjundiai.com.br\/news\/?p=75183"},"modified":"2021-05-04T12:06:01","modified_gmt":"2021-05-04T15:06:01","slug":"covid-19-governo-negocia-com-a-pfizer-mais-100-milhoes-de-doses-da-vacina","status":"publish","type":"post","link":"https:\/\/tvtecjundiai.com.br\/news\/2021\/05\/04\/covid-19-governo-negocia-com-a-pfizer-mais-100-milhoes-de-doses-da-vacina\/","title":{"rendered":"COVID-19: Governo negocia com a Pfizer mais 100 milh\u00f5es de doses da vacina"},"content":{"rendered":"\n<p>O ministro da Sa\u00fade, Marcelo Queiroga, afirmou nesta segunda-feira (03), durante evento na Federa\u00e7\u00e3o das Ind\u00fastrias de S\u00e3o Paulo (Fiesp) que um segundo contrato com a Pfizer, na imin\u00eancia de ser assinado, prev\u00ea mais 100 milh\u00f5es de doses da vacina contra a COVID-19, com a entrega de 35 milh\u00f5es em outubro.<\/p>\n\n\n\n<p>&#8220;Ou seja, o Brasil ter\u00e1 \u00e0 disposi\u00e7\u00e3o da sociedade 200 milh\u00f5es de doses da Pfizer, ainda para este ano, porque este segundo contrato prev\u00ea para o m\u00eas de outubro 35 milh\u00f5es de doses da Pfizer&#8221;, disse Queiroga durante evento na Federa\u00e7\u00e3o das Ind\u00fastrias do Estado de S\u00e3o Paulo (Fiesp).<\/p>\n\n\n\n<p>O ministro explicou que o acordo em negocia\u00e7\u00e3o \u00e9 um segundo contrato com a Pfizer, que se soma ao j\u00e1 assinado e que prev\u00ea a aquisi\u00e7\u00e3o pelo Minist\u00e9rio da Sa\u00fade de 100 milh\u00f5es de doses da vacina, desenvolvida em parceria com a alem\u00e3 BioNTech, at\u00e9 o final de setembro.<\/p>\n\n\n\n<div class=\"wp-block-image\"><figure class=\"aligncenter size-large\"><img loading=\"lazy\" decoding=\"async\" width=\"1200\" height=\"667\" src=\"https:\/\/tvtecjundiai.com.br\/news\/wp-content\/uploads\/sites\/2\/2021\/05\/vaccine-1_0.jpg\" alt=\"\" class=\"wp-image-75184\" srcset=\"https:\/\/tvtecjundiai.com.br\/news\/wp-content\/uploads\/sites\/2\/2021\/05\/vaccine-1_0.jpg 1200w, https:\/\/tvtecjundiai.com.br\/news\/wp-content\/uploads\/sites\/2\/2021\/05\/vaccine-1_0-300x167.jpg 300w, https:\/\/tvtecjundiai.com.br\/news\/wp-content\/uploads\/sites\/2\/2021\/05\/vaccine-1_0-768x427.jpg 768w\" sizes=\"auto, (max-width: 1200px) 100vw, 1200px\" \/><\/figure><\/div>\n\n\n\n<p>Na ocasi\u00e3o, o ministro tamb\u00e9m defendeu uma reforma do Sistema \u00danico de Sa\u00fade (SUS) e criticou reajustes de pre\u00e7os feitos por planos de sa\u00fade privados durante a pandemia de COVID-19 no Brasil. &#8220;O Sistema \u00danico de Sa\u00fade \u00e9 um patrim\u00f4nio de todos os brasileiros, devemos fortalec\u00ea-lo, n\u00e3o s\u00f3 na assist\u00eancia especializada \u00e0 sa\u00fade, mas sobretudo na aten\u00e7\u00e3o prim\u00e1ria&#8221;, disse Queiroga.<\/p>\n\n\n\n<p>&#8220;N\u00f3s precisamos reformar o Sistema \u00danico de Sa\u00fade. \u00c9 claro que n\u00f3s temos uma reforma tribut\u00e1ria a ser analisada pelo Congresso Nacional, n\u00f3s temos um ambiente pol\u00edtico muito exigente, com muita diverg\u00eancia, redes sociais muito inflamadas&#8221;, afirmou, acrescentando que \u00e9 necess\u00e1rio mudar modelo do SUS com melhor efici\u00eancia da aloca\u00e7\u00e3o dos recursos.<\/p>\n\n\n\n<p>Sobre sa\u00fade suplementar, Queiroga disse que n\u00e3o tem interesse em controlar pre\u00e7os, criticou a concentra\u00e7\u00e3o no setor e a regra que permite \u00e0 Ag\u00eancia Nacional de Sa\u00fade Suplementar regular os reajustes de planos de sa\u00fade, mas n\u00e3o os de planos individuais.<\/p>\n\n\n\n<p>&#8220;N\u00e3o \u00e9 fun\u00e7\u00e3o do Minist\u00e9rio da Sa\u00fade intervir em pol\u00edtica de pre\u00e7o, deixo bem claro aqui para n\u00e3o dizerem que estou querendo controlar pre\u00e7o da sa\u00fade suplementar, n\u00e3o quero e n\u00e3o \u00e9 minha fun\u00e7\u00e3o, mas tamb\u00e9m n\u00e3o podemos achar que \u00e9 normal determinadas seguradoras num contexto pand\u00eamico querendo reajustar plano de sa\u00fade em 30%&#8221;, criticou.<\/p>\n\n\n\n<p><em>(Fonte\/Imagem: Estad\u00e3o)<\/em><\/p>\n","protected":false},"excerpt":{"rendered":"<p>Em evento na Fiesp, Queiroga tamb\u00e9m defendeu reforma do SUS e criticou reajuste de planos de sa\u00fade privados na pandemia<\/p>\n","protected":false},"author":25,"featured_media":75184,"comment_status":"closed","ping_status":"closed","sticky":false,"template":"","format":"standard","meta":{"footnotes":""},"categories":[1,2839],"tags":[],"class_list":["post-75183","post","type-post","status-publish","format-standard","has-post-thumbnail","hentry","category-noticias","category-saude"],"_links":{"self":[{"href":"https:\/\/tvtecjundiai.com.br\/news\/wp-json\/wp\/v2\/posts\/75183","targetHints":{"allow":["GET"]}}],"collection":[{"href":"https:\/\/tvtecjundiai.com.br\/news\/wp-json\/wp\/v2\/posts"}],"about":[{"href":"https:\/\/tvtecjundiai.com.br\/news\/wp-json\/wp\/v2\/types\/post"}],"author":[{"embeddable":true,"href":"https:\/\/tvtecjundiai.com.br\/news\/wp-json\/wp\/v2\/users\/25"}],"replies":[{"embeddable":true,"href":"https:\/\/tvtecjundiai.com.br\/news\/wp-json\/wp\/v2\/comments?post=75183"}],"version-history":[{"count":1,"href":"https:\/\/tvtecjundiai.com.br\/news\/wp-json\/wp\/v2\/posts\/75183\/revisions"}],"predecessor-version":[{"id":75185,"href":"https:\/\/tvtecjundiai.com.br\/news\/wp-json\/wp\/v2\/posts\/75183\/revisions\/75185"}],"wp:featuredmedia":[{"embeddable":true,"href":"https:\/\/tvtecjundiai.com.br\/news\/wp-json\/wp\/v2\/media\/75184"}],"wp:attachment":[{"href":"https:\/\/tvtecjundiai.com.br\/news\/wp-json\/wp\/v2\/media?parent=75183"}],"wp:term":[{"taxonomy":"category","embeddable":true,"href":"https:\/\/tvtecjundiai.com.br\/news\/wp-json\/wp\/v2\/categories?post=75183"},{"taxonomy":"post_tag","embeddable":true,"href":"https:\/\/tvtecjundiai.com.br\/news\/wp-json\/wp\/v2\/tags?post=75183"}],"curies":[{"name":"wp","href":"https:\/\/api.w.org\/{rel}","templated":true}]}}