{"id":75240,"date":"2021-05-04T22:33:01","date_gmt":"2021-05-05T01:33:01","guid":{"rendered":"https:\/\/tvtecjundiai.com.br\/news\/?p=75240"},"modified":"2021-05-04T22:34:35","modified_gmt":"2021-05-05T01:34:35","slug":"paulo-gustavo-morre-de-covid-no-rio-aos-42-anos","status":"publish","type":"post","link":"https:\/\/tvtecjundiai.com.br\/news\/2021\/05\/04\/paulo-gustavo-morre-de-covid-no-rio-aos-42-anos\/","title":{"rendered":"Paulo Gustavo morre de Covid no Rio, aos 42 anos"},"content":{"rendered":"\n<p>O ator e humorista&nbsp;Paulo Gustavo&nbsp;morreu no&nbsp;Rio &nbsp;nesta ter\u00e7a-feira (4), aos&nbsp;<strong>42 anos<\/strong>, de complica\u00e7\u00f5es da&nbsp;<strong>Covid-19<\/strong>.<\/p>\n\n\n\n<p>O criador de&nbsp;<strong>Dona Herm\u00ednia<\/strong>&nbsp;\u2014 e de outros personagens inesquec\u00edveis &#8211; estava internado desde o dia 13 de mar\u00e7o, no Hospital Copa Star, em Copacabana, na Zona Sul.<\/p>\n\n\n\n<p>A piora no quadro de sa\u00fade do ator aconteceu na noite de domingo (2). Paulo Gustavo vinha apresentando melhoras significativas,&nbsp;chegou a ter redu\u00e7\u00e3o de sedativos e bloqueadores e interagir com m\u00e9dicos e tamb\u00e9m com o marido, Thales Bretas.<\/p>\n\n\n\n<p>\u00c0 noite, no entanto,&nbsp;sofreu uma&nbsp;embolia pulmonar. <\/p>\n\n\n\n<p>Nesta ter\u00e7a, novo boletim disse que o ator estava em um quadro irrevers\u00edvel, mas mantinha os sinais vitais. \u00c0s\u00a0<strong>21h12<\/strong>, no entanto, foi constatada a morte de Paulo Gustavo.<\/p>\n\n\n\n<h2 class=\"wp-block-heading\">Biografia<\/h2>\n\n\n\n<p><strong>Paulo Gustavo Amaral Monteiro de Barros<\/strong>&nbsp;nasceu em Niter\u00f3i em 30 de outubro de 1978 e estudou teatro na Casa das Artes de Laranjeiras, no Rio, na mesma turma de F\u00e1bio Porchat.<\/p>\n\n\n\n<p>A primeira pe\u00e7a da qual participou foi \u201cO surto\u201d, em que dividia a dire\u00e7\u00e3o com Fernando Caruso, em 2004. Foi no espet\u00e1culo que apresentou pela primeira vez a personagem Dona Herm\u00ednia, que marcaria sua carreira para sempre.<\/p>\n\n\n\n<p>A m\u00e3e superprotetora e hil\u00e1ria ganhou pe\u00e7a pr\u00f3pria em 2006 e chegou ao cinema sete anos depois.<\/p>\n\n\n\n<h2 class=\"wp-block-heading\">Recorde de bilheteria<\/h2>\n\n\n\n<p>Somados, os tr\u00eas filmes de \u201cMinha m\u00e3e \u00e9 uma pe\u00e7a\u201d venderam mais de 26 milh\u00f5es de ingressos entre 2013 e 2020. O terceiro filme teve a maior arrecada\u00e7\u00e3o da hist\u00f3ria do cinema brasileiro, com R$ 182 milh\u00f5es de bilheteria.<\/p>\n\n\n\n<p>Al\u00e9m do sucesso de Dona Herm\u00ednia, o ator se destacou pelos filmes \u201cMinha Vida em Marte\u201d (2018) e \u201cOs Homens S\u00e3o de Marte&#8230; e \u00e9 para l\u00e1 que eu vou\u201d (2014), nos quais contracenou com a atriz e amiga M\u00f4nica Martelli. Ele interpretou o personagem An\u00edbal em ambas as com\u00e9dias.<\/p>\n\n\n\n<h2 class=\"wp-block-heading\">Carreira na TV<\/h2>\n\n\n\n<p>Na televis\u00e3o, Paulo apresentou em 2011 o programa \u201c220 Volts\u201d, do Multishow. Dois anos depois, no mesmo canal, ele passou integrar o elenco da sitcom &#8220;Vai que cola&#8221;, vivendo o malandro Valdomiro Lacerda. O personagem foi um sucesso tamb\u00e9m na adapta\u00e7\u00e3o para o cinema, em 2015.<\/p>\n\n\n\n<p>Ainda no Multishow, o ator protagonizou, ao lado de Katiuscia Canoro, a s\u00e9rie &#8220;A vila&#8221;. Na produ\u00e7\u00e3o, ele interpretou o ex-palha\u00e7o Rique.<\/p>\n\n\n\n<p>Ele tamb\u00e9m foi o apresentador de v\u00e1rias edi\u00e7\u00f5es do Pr\u00eamio Multishow.<\/p>\n\n\n\n<h2 class=\"wp-block-heading\">Fam\u00edlia<\/h2>\n\n\n\n<p>Paulo Gustavo se casou com o m\u00e9dico Thales Bretas em 2015. Ap\u00f3s um processo de barriga de aluguel feito nos Estados Unidos, eles se tornaram pais de Romeu e Gael, de 1 ano de idade.<\/p>\n\n\n\n<p>Apesar de a personagem mais famosa de Paulo Gustavo, Dona Herm\u00ednia, n\u00e3o ser biogr\u00e1fica, ela foi muito inspirada em D\u00e9a L\u00facia Amaral, m\u00e3e do ator.<\/p>\n\n\n\n<p>Em entrevista ao programa \u201cMais Voc\u00ea\u201d, Paulo chegou a falar, com seu jeito bem-humorado, que a m\u00e3e s\u00f3 queria saber dos netos.<\/p>\n\n\n\n<p>\u201cMam\u00e3e come\u00e7ou o VT falando que enlouqueceu sendo av\u00f3, como se ela j\u00e1 n\u00e3o fosse louca n\u00e9? Ela fica do lado de Thales, prefere ser av\u00f3 do que ser m\u00e3e\u201d, brincou o ator.<\/p>\n\n\n\n<p>Como forma de retribuir toda a contribui\u00e7\u00e3o da m\u00e3e para sua carreira, Paulo Gustavo Gustavo criou a pe\u00e7a \u201cFilho da m\u00e3e\u201d, na qual dividia o palco com Dona D\u00e9a para cantar e contar hist\u00f3rias.<\/p>\n\n\n\n<p><em>Fonte: G1 \/  Foto: Daniela Ramiro\/Estad\u00e3o Conte\u00fado\/Arquivo<\/em><\/p>\n","protected":false},"excerpt":{"rendered":"<p>Ele estava internado desde o dia 13 de mar\u00e7o<\/p>\n","protected":false},"author":9,"featured_media":75241,"comment_status":"closed","ping_status":"closed","sticky":false,"template":"","format":"standard","meta":{"footnotes":""},"categories":[1],"tags":[],"class_list":["post-75240","post","type-post","status-publish","format-standard","has-post-thumbnail","hentry","category-noticias"],"_links":{"self":[{"href":"https:\/\/tvtecjundiai.com.br\/news\/wp-json\/wp\/v2\/posts\/75240","targetHints":{"allow":["GET"]}}],"collection":[{"href":"https:\/\/tvtecjundiai.com.br\/news\/wp-json\/wp\/v2\/posts"}],"about":[{"href":"https:\/\/tvtecjundiai.com.br\/news\/wp-json\/wp\/v2\/types\/post"}],"author":[{"embeddable":true,"href":"https:\/\/tvtecjundiai.com.br\/news\/wp-json\/wp\/v2\/users\/9"}],"replies":[{"embeddable":true,"href":"https:\/\/tvtecjundiai.com.br\/news\/wp-json\/wp\/v2\/comments?post=75240"}],"version-history":[{"count":3,"href":"https:\/\/tvtecjundiai.com.br\/news\/wp-json\/wp\/v2\/posts\/75240\/revisions"}],"predecessor-version":[{"id":75244,"href":"https:\/\/tvtecjundiai.com.br\/news\/wp-json\/wp\/v2\/posts\/75240\/revisions\/75244"}],"wp:featuredmedia":[{"embeddable":true,"href":"https:\/\/tvtecjundiai.com.br\/news\/wp-json\/wp\/v2\/media\/75241"}],"wp:attachment":[{"href":"https:\/\/tvtecjundiai.com.br\/news\/wp-json\/wp\/v2\/media?parent=75240"}],"wp:term":[{"taxonomy":"category","embeddable":true,"href":"https:\/\/tvtecjundiai.com.br\/news\/wp-json\/wp\/v2\/categories?post=75240"},{"taxonomy":"post_tag","embeddable":true,"href":"https:\/\/tvtecjundiai.com.br\/news\/wp-json\/wp\/v2\/tags?post=75240"}],"curies":[{"name":"wp","href":"https:\/\/api.w.org\/{rel}","templated":true}]}}