{"id":75318,"date":"2021-05-06T10:01:42","date_gmt":"2021-05-06T13:01:42","guid":{"rendered":"https:\/\/tvtecjundiai.com.br\/news\/?p=75318"},"modified":"2021-05-06T10:01:42","modified_gmt":"2021-05-06T13:01:42","slug":"politicas-publicas-de-jundiai-sao-exemplo-em-reuniao-com-prefeitos-e-vereadores-de-goias","status":"publish","type":"post","link":"https:\/\/tvtecjundiai.com.br\/news\/2021\/05\/06\/politicas-publicas-de-jundiai-sao-exemplo-em-reuniao-com-prefeitos-e-vereadores-de-goias\/","title":{"rendered":"Pol\u00edticas p\u00fablicas de Jundia\u00ed s\u00e3o exemplo em reuni\u00e3o com prefeitos e vereadores de Goi\u00e1s"},"content":{"rendered":"\n<p>O prefeito de Jundia\u00ed, Luiz Fernando Machado, participou de uma reuni\u00e3o virtual, na tarde desta quarta-feira (5), com prefeitos e vereadores de Goi\u00e1s, na qual abordou as pol\u00edticas p\u00fablicas implantadas e os investimentos feitos em Jundia\u00ed para as crian\u00e7as e para a fam\u00edlia. A reuni\u00e3o contou com a secret\u00e1ria Nacional da Fam\u00edlia, \u00c2ngela Gandra, e, tamb\u00e9m de Jundia\u00ed, do vereador Douglas Medeiros.<\/p>\n\n\n\n<p>\u201c\u00c9 de grande import\u00e2ncia aderir a pol\u00edticas p\u00fablicas que fortalecem os v\u00ednculos familiares\u201d, destacou Luiz Fernando. \u201cO crescimento das cidades tem de estar pautado na for\u00e7a de suas fam\u00edlias e das nossas crian\u00e7as. Se voc\u00ea muda a vida de uma crian\u00e7a, muda toda a sociedade.\u201d<\/p>\n\n\n\n<div class=\"wp-block-image\"><figure class=\"aligncenter size-large is-resized\"><img loading=\"lazy\" decoding=\"async\" src=\"https:\/\/tvtecjundiai.com.br\/news\/wp-content\/uploads\/sites\/2\/2021\/05\/reuniao_gabinete-148-1200x800.jpg\" alt=\"\" class=\"wp-image-75319\" width=\"671\" height=\"447\" srcset=\"https:\/\/tvtecjundiai.com.br\/news\/wp-content\/uploads\/sites\/2\/2021\/05\/reuniao_gabinete-148-1200x800.jpg 1200w, https:\/\/tvtecjundiai.com.br\/news\/wp-content\/uploads\/sites\/2\/2021\/05\/reuniao_gabinete-148-300x200.jpg 300w, https:\/\/tvtecjundiai.com.br\/news\/wp-content\/uploads\/sites\/2\/2021\/05\/reuniao_gabinete-148-768x512.jpg 768w, https:\/\/tvtecjundiai.com.br\/news\/wp-content\/uploads\/sites\/2\/2021\/05\/reuniao_gabinete-148.jpg 1280w\" sizes=\"auto, (max-width: 671px) 100vw, 671px\" \/><figcaption>Luiz Fernando: \u201cO crescimento das cidades tem de estar pautado na for\u00e7a de suas fam\u00edlias e das nossas crian\u00e7as\u201d<\/figcaption><\/figure><\/div>\n\n\n\n<p>O prefeito tamb\u00e9m citou os investimentos em \u00e1reas p\u00fablicas de Jundia\u00ed, com a requalifica\u00e7\u00e3o desses espa\u00e7os para o uso das fam\u00edlias. \u201cCriamos aqui pra\u00e7as com o conceito pet e fam\u00edlia, nas quais as pessoas podem levar seus animais de estima\u00e7\u00e3o e confraternizar com pais e filhos\u201d, explicou. \u201cE tamb\u00e9m criamos o Mundo das Crian\u00e7as, um espa\u00e7o em que as crian\u00e7as podem se divertir com equipamentos que ajudam no desenvolvimento, em uma \u00e1rea em contato com a natureza e tamb\u00e9m para toda a fam\u00edlia.\u201d<\/p>\n\n\n\n<p>Jundia\u00ed integra a Rede Latino-americana Cidade das Crian\u00e7as e Urban95. Neste ano, em coopera\u00e7\u00e3o t\u00e9cnica com o Minist\u00e9rio da Mulher, da Fam\u00edlia e dos Direitos Humanos, o munic\u00edpio aderiu aos programas Fam\u00edlias Fortes, o Projeto Reconecte e a Campanha Acolha a Vida.<\/p>\n\n\n\n<p>Para o vereador Douglas Medeiros, o trabalho desenvolvido em Jundia\u00ed \u00e9 feito com muita responsabilidade. \u201cA Administra\u00e7\u00e3o Municipal tem trabalhado com foco em nossas fam\u00edlias, nas pessoas que vivem aqui, principalmente em um momento como este que vivemos, com a pandemia.\u201d<\/p>\n\n\n\n<p><em>(Fonte\/Imagem: Prefeitura de Jundia\u00ed)<\/em><\/p>\n","protected":false},"excerpt":{"rendered":"<p>A reuni\u00e3o abordou as pol\u00edticas p\u00fablicas implantadas e os investimentos feitos em Jundia\u00ed para as crian\u00e7as e para a fam\u00edlia<\/p>\n","protected":false},"author":25,"featured_media":75319,"comment_status":"closed","ping_status":"closed","sticky":false,"template":"","format":"standard","meta":{"footnotes":""},"categories":[1],"tags":[],"class_list":["post-75318","post","type-post","status-publish","format-standard","has-post-thumbnail","hentry","category-noticias"],"_links":{"self":[{"href":"https:\/\/tvtecjundiai.com.br\/news\/wp-json\/wp\/v2\/posts\/75318","targetHints":{"allow":["GET"]}}],"collection":[{"href":"https:\/\/tvtecjundiai.com.br\/news\/wp-json\/wp\/v2\/posts"}],"about":[{"href":"https:\/\/tvtecjundiai.com.br\/news\/wp-json\/wp\/v2\/types\/post"}],"author":[{"embeddable":true,"href":"https:\/\/tvtecjundiai.com.br\/news\/wp-json\/wp\/v2\/users\/25"}],"replies":[{"embeddable":true,"href":"https:\/\/tvtecjundiai.com.br\/news\/wp-json\/wp\/v2\/comments?post=75318"}],"version-history":[{"count":1,"href":"https:\/\/tvtecjundiai.com.br\/news\/wp-json\/wp\/v2\/posts\/75318\/revisions"}],"predecessor-version":[{"id":75322,"href":"https:\/\/tvtecjundiai.com.br\/news\/wp-json\/wp\/v2\/posts\/75318\/revisions\/75322"}],"wp:featuredmedia":[{"embeddable":true,"href":"https:\/\/tvtecjundiai.com.br\/news\/wp-json\/wp\/v2\/media\/75319"}],"wp:attachment":[{"href":"https:\/\/tvtecjundiai.com.br\/news\/wp-json\/wp\/v2\/media?parent=75318"}],"wp:term":[{"taxonomy":"category","embeddable":true,"href":"https:\/\/tvtecjundiai.com.br\/news\/wp-json\/wp\/v2\/categories?post=75318"},{"taxonomy":"post_tag","embeddable":true,"href":"https:\/\/tvtecjundiai.com.br\/news\/wp-json\/wp\/v2\/tags?post=75318"}],"curies":[{"name":"wp","href":"https:\/\/api.w.org\/{rel}","templated":true}]}}