{"id":75324,"date":"2021-05-06T10:12:26","date_gmt":"2021-05-06T13:12:26","guid":{"rendered":"https:\/\/tvtecjundiai.com.br\/news\/?p=75324"},"modified":"2021-05-06T11:26:23","modified_gmt":"2021-05-06T14:26:23","slug":"operacao-estiagem-prefeitura-faz-apelo-a-prevencao-e-denuncia-1","status":"publish","type":"post","link":"https:\/\/tvtecjundiai.com.br\/news\/2021\/05\/06\/operacao-estiagem-prefeitura-faz-apelo-a-prevencao-e-denuncia-1\/","title":{"rendered":"Den\u00fancia de queimada irregular pode ser realizada pelo APP Jundia\u00ed"},"content":{"rendered":"\n<p>Em reuni\u00e3o da Comiss\u00e3o T\u00e9cnica Permanente da Lei de queimadas 8.858\/17,&nbsp; realizado de modo on-line na manh\u00e3 desta ter\u00e7a-feira (04),&nbsp; foi apresentado o Plano municipal de Conting\u00eancia de Estiagem. A Defesa Civil do Munic\u00edpio refor\u00e7ou o papel de cada institui\u00e7\u00e3o representada e a import\u00e2ncia da comunica\u00e7\u00e3o com a sociedade civil na preven\u00e7\u00e3o, combate e den\u00fancia a eventuais focos de inc\u00eandio neste per\u00edodo de baixa umidade relativa do ar (URA)<\/p>\n\n\n\n<p>Com dura\u00e7\u00e3o entre 01 de maio e 30 de setembro, e possibilidade de prorroga\u00e7\u00e3o conforme as condi\u00e7\u00f5es meteorol\u00f3gicas e clim\u00e1ticas, o Plano foi institu\u00eddo pelo decreto municipal n\u00ba 29.635\/2021 e estipula as diretrizes e procedimentos das autoridades envolvidas para minimizar e combater os efeitos das queimadas e a baixa URA, comuns neste per\u00edodo do ano.<\/p>\n\n\n\n<p>Al\u00e9m de diversas Unidades de Gest\u00e3o da Prefeitura, tamb\u00e9m comp\u00f5em a for\u00e7a-tarefa sob a coordena\u00e7\u00e3o da Defesa Civil do Munic\u00edpio, o Corpo de Bombeiros, Guarda Municipal, DAE, Funda\u00e7\u00e3o Ant\u00f4nio Antonieta Cintra Gordinho, Mata Ciliar, o Aeroporto Estadual Comandante Rolim Adolfo Amaro e a Rede Integrada de Emerg\u00eancia (RINEM), de que fazem parte as brigadas de emerg\u00eancia de empresas da cidade.<\/p>\n\n\n\n<figure class=\"wp-block-image\"><img decoding=\"async\" src=\"https:\/\/jundiai.sp.gov.br\/noticias\/wp-content\/uploads\/sites\/32\/2021\/05\/aplicativo_denuncia_incendio.jpg\" alt=\"\" class=\"wp-image-267297\" \/><\/figure>\n\n\n\n<p>O coordenador da Defesa Civil, o coronel Jo\u00e3o Os\u00f3rio Gimenez Germano, ressaltou o ineditismo da iniciativa. \u201cO Plano aprovado pela Prefeitura coloca Jundia\u00ed no seleto grupo de Munic\u00edpios com um Plano escrito e aprovado, em que est\u00e3o estabelecidos n\u00e3o s\u00f3 os \u00f3rg\u00e3os representados, mas quais s\u00e3o as suas atribui\u00e7\u00f5es e instrumentos dispon\u00edveis\u201d. Gimenez tamb\u00e9m explicou o modelo e os dados t\u00e9cnicos contidos no boletim espec\u00edfico neste per\u00edodo e a import\u00e2ncia da divulga\u00e7\u00e3o das informa\u00e7\u00f5es junto \u00e0 sociedade.<\/p>\n\n\n\n<p>O diretor do Departamento de Meio Ambiente da Unidade de Gest\u00e3o de Planejamento Urbano e Meio Ambiente (UGPUMA), Wagner de Paiva, explicou o funcionamento dos canais para den\u00fancias. \u201cQuem identificar um foco de inc\u00eandio pode fazer a den\u00fancia instant\u00e2nea pelo celular, atrav\u00e9s do Aplicativo Jundia\u00ed. Basta acessar o \u00edcone de \u2018Servi\u00e7os\u2019 e escolher \u2018Comunique problema sobre queimadas\u2019. Por este canal, \u00e9 poss\u00edvel enviar uma foto do local e a sua localiza\u00e7\u00e3o. Com base nas condi\u00e7\u00f5es identificadas no local e na identifica\u00e7\u00e3o do propriet\u00e1rio por meio do portal GeoJundia\u00ed e do cadastro fiscal do Munic\u00edpio, a comiss\u00e3o ir\u00e1 avaliar se vale a autua\u00e7\u00e3o, com base na lei n\u00ba 8.858\/2017 (Lei de queimadas). Contamos com o apoio da popula\u00e7\u00e3o neste per\u00edodo.\u201d<\/p>\n\n\n\n<p>Tamb\u00e9m tratou-se do apelo \u00e0 n\u00e3o soltura de fogos de artif\u00edcio, dos manejos de culturas agr\u00edcolas e de campanha educativa do Corpo de Bombeiros com foco na \u00e1rea rural. A comiss\u00e3o t\u00e9cnica refor\u00e7ou tamb\u00e9m a necessidade de os \u00f3rg\u00e3os integrantes apontem os titulares e suplentes para o quadro completo do grupo, em vista do fim da vig\u00eancia em julho da atual composi\u00e7\u00e3o.<\/p>\n\n\n\n<p><em>(Fonte\/Imagem: Prefeitura de Jundia\u00ed)<\/em><\/p>\n","protected":false},"excerpt":{"rendered":"<p>O aviso de queimadas encontra-se entre os servi\u00e7os dispon\u00edveis no Aplicativo Jundia\u00ed<\/p>\n","protected":false},"author":24,"featured_media":75330,"comment_status":"closed","ping_status":"closed","sticky":false,"template":"","format":"standard","meta":{"footnotes":""},"categories":[8356],"tags":[],"class_list":["post-75324","post","type-post","status-publish","format-standard","has-post-thumbnail","hentry","category-jundiai"],"_links":{"self":[{"href":"https:\/\/tvtecjundiai.com.br\/news\/wp-json\/wp\/v2\/posts\/75324","targetHints":{"allow":["GET"]}}],"collection":[{"href":"https:\/\/tvtecjundiai.com.br\/news\/wp-json\/wp\/v2\/posts"}],"about":[{"href":"https:\/\/tvtecjundiai.com.br\/news\/wp-json\/wp\/v2\/types\/post"}],"author":[{"embeddable":true,"href":"https:\/\/tvtecjundiai.com.br\/news\/wp-json\/wp\/v2\/users\/24"}],"replies":[{"embeddable":true,"href":"https:\/\/tvtecjundiai.com.br\/news\/wp-json\/wp\/v2\/comments?post=75324"}],"version-history":[{"count":3,"href":"https:\/\/tvtecjundiai.com.br\/news\/wp-json\/wp\/v2\/posts\/75324\/revisions"}],"predecessor-version":[{"id":75331,"href":"https:\/\/tvtecjundiai.com.br\/news\/wp-json\/wp\/v2\/posts\/75324\/revisions\/75331"}],"wp:featuredmedia":[{"embeddable":true,"href":"https:\/\/tvtecjundiai.com.br\/news\/wp-json\/wp\/v2\/media\/75330"}],"wp:attachment":[{"href":"https:\/\/tvtecjundiai.com.br\/news\/wp-json\/wp\/v2\/media?parent=75324"}],"wp:term":[{"taxonomy":"category","embeddable":true,"href":"https:\/\/tvtecjundiai.com.br\/news\/wp-json\/wp\/v2\/categories?post=75324"},{"taxonomy":"post_tag","embeddable":true,"href":"https:\/\/tvtecjundiai.com.br\/news\/wp-json\/wp\/v2\/tags?post=75324"}],"curies":[{"name":"wp","href":"https:\/\/api.w.org\/{rel}","templated":true}]}}