{"id":7533,"date":"2018-03-16T09:13:24","date_gmt":"2018-03-16T12:13:24","guid":{"rendered":"https:\/\/tvtecjundiai.com.br\/news\/?p=7533"},"modified":"2018-03-16T09:13:24","modified_gmt":"2018-03-16T12:13:24","slug":"cidades-jundiai-fortalece-acoes-contra-a-obesidade-infantil","status":"publish","type":"post","link":"https:\/\/tvtecjundiai.com.br\/news\/2018\/03\/16\/cidades-jundiai-fortalece-acoes-contra-a-obesidade-infantil\/","title":{"rendered":"Cidades: Jundia\u00ed fortalece a\u00e7\u00f5es contra a Obesidade Infantil"},"content":{"rendered":"<p>Professores e cozinheiros das escolas municipais participaram de uma palestra na Faculdade de Medicina de Jundia\u00ed (FMJ), na \u00faltima quinta-feira (15). O encontro faz parte do projeto\u00a0Enfrentamento da Obesidade Infantil. Ser\u00e3o quatro encontros em que a tem\u00e1tica ser\u00e1 abordada, visando\u00a0oferecer alimenta\u00e7\u00e3o mais saud\u00e1vel para os alunos da Rede Municipal.<\/p>\n<p>O projeto foi lan\u00e7ado em 2017 pelo prefeito de Jundia\u00ed, Luiz Fernando Machado, e re\u00fane profissionais de v\u00e1rias Unidades de Gest\u00e3o, incluindo\u00a0Educa\u00e7\u00e3o, Esporte e Lazer, Cultura, Promo\u00e7\u00e3o da Sa\u00fade, Agroneg\u00f3cio, Abastecimento e Turismo, al\u00e9m da FMJ e da Escola Superior de Educa\u00e7\u00e3o F\u00edsica (Esef) de Jundia\u00ed.<\/p>\n<p>Vasti Ferrari, gestora da Unidade de Educa\u00e7\u00e3o, afirma que os encontros s\u00e3o fundamentais. &#8220;Temos que pensar na crian\u00e7a como um todo. O aluno saud\u00e1vel aprende melhor. Hoje, o quadro com o qual nos deparamos \u00e9 preocupante: muitos com problemas card\u00edacos, colesterol alto e diabetes. Tudo isso fruto de uma cultura instalada no pa\u00eds. Chegou a hora de virar a mesa e a ajuda dos educadores \u00e9 fundamental. Com essa s\u00e9rie de palestras, damos mais um passo importante.\u201d<\/p>\n<div id=\"attachment_7535\" style=\"width: 364px\" class=\"wp-caption alignleft\"><a href=\"https:\/\/tvtecjundiai.com.br\/news\/wp-content\/uploads\/sites\/2\/2018\/03\/palestra-nutricao-aos-professores-rede-publica_c_-11.jpg\"><img loading=\"lazy\" decoding=\"async\" aria-describedby=\"caption-attachment-7535\" class=\"wp-image-7535\" src=\"https:\/\/tvtecjundiai.com.br\/news\/wp-content\/uploads\/sites\/2\/2018\/03\/palestra-nutricao-aos-professores-rede-publica_c_-11-300x208.jpg\" alt=\"\" width=\"354\" height=\"246\" srcset=\"https:\/\/tvtecjundiai.com.br\/news\/wp-content\/uploads\/sites\/2\/2018\/03\/palestra-nutricao-aos-professores-rede-publica_c_-11-300x208.jpg 300w, https:\/\/tvtecjundiai.com.br\/news\/wp-content\/uploads\/sites\/2\/2018\/03\/palestra-nutricao-aos-professores-rede-publica_c_-11-768x532.jpg 768w, https:\/\/tvtecjundiai.com.br\/news\/wp-content\/uploads\/sites\/2\/2018\/03\/palestra-nutricao-aos-professores-rede-publica_c_-11-1200x831.jpg 1200w, https:\/\/tvtecjundiai.com.br\/news\/wp-content\/uploads\/sites\/2\/2018\/03\/palestra-nutricao-aos-professores-rede-publica_c_-11.jpg 1240w\" sizes=\"auto, (max-width: 354px) 100vw, 354px\" \/><\/a><p id=\"caption-attachment-7535\" class=\"wp-caption-text\">O m\u00e9dico destacou os principais elementos que podem causar a Obesidade Infantil<\/p><\/div>\n<p>Segundo o m\u00e9dico\u00a0Francisco Homero D\u2019Abronzo a inten\u00e7\u00e3o que os educadores reflitam sobre esse problema e os principais fatores que causam a obesidade infantil. &#8220;A ideia agora \u00e9 envolver os educadores, falando sobre a epidemia da obesidade, as principais causas e as consequ\u00eancias. Pesamos e medimos mais de mil crian\u00e7as e a estat\u00edstica aponta que o \u00edndice de obesidade \u00e9 alto, o que aumenta a convic\u00e7\u00e3o de que temos que tomar atitudes para reverter esse quadro, e a educa\u00e7\u00e3o \u00e9 o caminho. Ao aprender na escola a import\u00e2ncia de selecionar uma alimenta\u00e7\u00e3o melhor, a crian\u00e7a vai levar o conhecimento para a fam\u00edlia\u201d, afirmou.<\/p>\n<p>&nbsp;<\/p>\n<p><em>(Fonte: Prefeitura de Jundia\u00ed)<\/em><\/p>\n","protected":false},"excerpt":{"rendered":"<p>O projeto \u00e9 uma das iniciativas do programa &#8216;Escola Inovadora&#8217;<\/p>\n","protected":false},"author":11,"featured_media":7534,"comment_status":"closed","ping_status":"closed","sticky":false,"template":"","format":"standard","meta":{"footnotes":""},"categories":[1],"tags":[1391,84,21,2402,7,1842,2,136,6],"class_list":["post-7533","post","type-post","status-publish","format-standard","has-post-thumbnail","hentry","category-noticias","tag-agronegocio","tag-cultura","tag-educacao","tag-escola-inovadora","tag-esporte","tag-fundacao-tve","tag-obesidade-infantil","tag-rede-tvtec","tag-saude"],"_links":{"self":[{"href":"https:\/\/tvtecjundiai.com.br\/news\/wp-json\/wp\/v2\/posts\/7533","targetHints":{"allow":["GET"]}}],"collection":[{"href":"https:\/\/tvtecjundiai.com.br\/news\/wp-json\/wp\/v2\/posts"}],"about":[{"href":"https:\/\/tvtecjundiai.com.br\/news\/wp-json\/wp\/v2\/types\/post"}],"author":[{"embeddable":true,"href":"https:\/\/tvtecjundiai.com.br\/news\/wp-json\/wp\/v2\/users\/11"}],"replies":[{"embeddable":true,"href":"https:\/\/tvtecjundiai.com.br\/news\/wp-json\/wp\/v2\/comments?post=7533"}],"version-history":[{"count":1,"href":"https:\/\/tvtecjundiai.com.br\/news\/wp-json\/wp\/v2\/posts\/7533\/revisions"}],"predecessor-version":[{"id":7536,"href":"https:\/\/tvtecjundiai.com.br\/news\/wp-json\/wp\/v2\/posts\/7533\/revisions\/7536"}],"wp:featuredmedia":[{"embeddable":true,"href":"https:\/\/tvtecjundiai.com.br\/news\/wp-json\/wp\/v2\/media\/7534"}],"wp:attachment":[{"href":"https:\/\/tvtecjundiai.com.br\/news\/wp-json\/wp\/v2\/media?parent=7533"}],"wp:term":[{"taxonomy":"category","embeddable":true,"href":"https:\/\/tvtecjundiai.com.br\/news\/wp-json\/wp\/v2\/categories?post=7533"},{"taxonomy":"post_tag","embeddable":true,"href":"https:\/\/tvtecjundiai.com.br\/news\/wp-json\/wp\/v2\/tags?post=7533"}],"curies":[{"name":"wp","href":"https:\/\/api.w.org\/{rel}","templated":true}]}}