{"id":75341,"date":"2021-05-06T14:28:16","date_gmt":"2021-05-06T17:28:16","guid":{"rendered":"https:\/\/tvtecjundiai.com.br\/news\/?p=75341"},"modified":"2021-05-06T14:28:16","modified_gmt":"2021-05-06T17:28:16","slug":"comercio-de-jundiai-tem-horario-estendido-para-vendas-do-dia-das-maes","status":"publish","type":"post","link":"https:\/\/tvtecjundiai.com.br\/news\/2021\/05\/06\/comercio-de-jundiai-tem-horario-estendido-para-vendas-do-dia-das-maes\/","title":{"rendered":"Com\u00e9rcio de Jundia\u00ed tem hor\u00e1rio estendido para vendas do Dia das M\u00e3es"},"content":{"rendered":"\n<p>O com\u00e9rcio de Jundia\u00ed ter\u00e1 hor\u00e1rio de funcionamento estendido no s\u00e1bado (08) para atender a demanda do Dia das M\u00e3es, celebrado no domingo (09). Pesquisa realizada pelo Sindicado do Com\u00e9rcio Varejista de Jundia\u00ed e Regi\u00e3o (Sincomercio) revela que a maior parte das lojas pretende funcionar at\u00e9 \u00e0s 18h.<\/p>\n\n\n\n<p>\u201cA abertura em hor\u00e1rio estendido \u00e9 uma excelente oportunidade para os lojistas apostarem nas promo\u00e7\u00f5es e vendas para o Dia das M\u00e3es, segunda data de maior percentual de vendas, depois do Natal. \u00c9 o momento de atender os consumidores que deixaram para comprar o presente na \u00faltima hora\u201d, afirma Edison Maltoni, presidente do Sincomercio e da C\u00e2mara de Dirigentes Lojistas de Jundia\u00ed (CDL).<\/p>\n\n\n\n<div class=\"wp-block-image\"><figure class=\"aligncenter size-large\"><img loading=\"lazy\" decoding=\"async\" width=\"600\" height=\"400\" src=\"https:\/\/tvtecjundiai.com.br\/news\/wp-content\/uploads\/sites\/2\/2021\/05\/Comercio-no-centro-de-Jundiai-2021.jpeg\" alt=\"\" class=\"wp-image-75342\" srcset=\"https:\/\/tvtecjundiai.com.br\/news\/wp-content\/uploads\/sites\/2\/2021\/05\/Comercio-no-centro-de-Jundiai-2021.jpeg 600w, https:\/\/tvtecjundiai.com.br\/news\/wp-content\/uploads\/sites\/2\/2021\/05\/Comercio-no-centro-de-Jundiai-2021-300x200.jpeg 300w\" sizes=\"auto, (max-width: 600px) 100vw, 600px\" \/><\/figure><\/div>\n\n\n\n<p><strong>Pesquisa<\/strong><\/p>\n\n\n\n<p>Neste 2021, o Dia das M\u00e3es deve movimentar 24 bilh\u00f5es de reais nos segmentos do com\u00e9rcio e servi\u00e7os, conforme levantamento feito em todas as capitais pela Confedera\u00e7\u00e3o Nacional de Dirigentes Lojistas (CNDL) e pelo Servi\u00e7o de Prote\u00e7\u00e3o ao Cr\u00e9dito (SPC Brasil), em parceria com a Offer Wise Pesquisas. A pesquisa revela que 77% dos consumidores devem realizar pelo menos uma compra no per\u00edodo \u2014 dado pr\u00f3ximo dos 78% observados em 2019, antes da pandemia da COVID-19.<\/p>\n\n\n\n<p>As lojas f\u00edsicas aparecem como o principal local de compras dos brasileiros, 69% dos entrevistados afirmaram que pretendem comprar a maioria dos presentes fisicamente sobretudo nos shopping centers (26%) e em lojas de rua (20%). \u201cEsse \u00e9 mais um dado que refor\u00e7a a import\u00e2ncia dos lojistas atra\u00edrem a aten\u00e7\u00e3o do consumidor com promo\u00e7\u00f5es, parcelamentos, variedade dos produtos, oferta de kit e vales-presentes\u201d, avalia Maltoni.<\/p>\n\n\n\n<p>Conforme o estudo, a internet aparece como local de compra de 57% dos consumidores, principalmente nos sites e lojas virtuais (38%). Para os entrevistados, os fatores que mais pesam na escolha do local de compra s\u00e3o a atratividade do pre\u00e7o (45%), as promo\u00e7\u00f5es (36%), a qualidade dos produtos (35%) e frete gr\u00e1tis (29%).<\/p>\n\n\n\n<p><strong>Presentes e t\u00edquete m\u00e9dio<\/strong><\/p>\n\n\n\n<p>Os produtos campe\u00f5es de venda devem ser as roupas, cal\u00e7ados e acess\u00f3rios (49%), perfumes (42%), cosm\u00e9ticos (28%) e chocolates (21%). O ranking ainda \u00e9 formado por flores (18%), maquiagem (14%), utens\u00edlios de cozinha (12%) e celular\/smartphone (11%).<\/p>\n\n\n\n<p>Em m\u00e9dia, cada cliente deve adquirir dois presentes e apenas 28% dos entrevistados que v\u00e3o presentear a pr\u00f3pria m\u00e3e v\u00e3o consultar para descobrir o que ela deseja ganhar. 27% dos entrevistados devem gastar entre R$51 a R$100 com os presentes. J\u00e1 considerando a m\u00e9dia total de gastos, o brasileiro deve desembolsar R$197,46.<\/p>\n\n\n\n<p><em>(Fonte\/Imagem: Assessoria ACE)<\/em><\/p>\n","protected":false},"excerpt":{"rendered":"<p>As lojas devem funcionar at\u00e9 \u00e0s 18h deste s\u00e1bado (08)<\/p>\n","protected":false},"author":25,"featured_media":75342,"comment_status":"closed","ping_status":"closed","sticky":false,"template":"","format":"standard","meta":{"footnotes":""},"categories":[1],"tags":[],"class_list":["post-75341","post","type-post","status-publish","format-standard","has-post-thumbnail","hentry","category-noticias"],"_links":{"self":[{"href":"https:\/\/tvtecjundiai.com.br\/news\/wp-json\/wp\/v2\/posts\/75341","targetHints":{"allow":["GET"]}}],"collection":[{"href":"https:\/\/tvtecjundiai.com.br\/news\/wp-json\/wp\/v2\/posts"}],"about":[{"href":"https:\/\/tvtecjundiai.com.br\/news\/wp-json\/wp\/v2\/types\/post"}],"author":[{"embeddable":true,"href":"https:\/\/tvtecjundiai.com.br\/news\/wp-json\/wp\/v2\/users\/25"}],"replies":[{"embeddable":true,"href":"https:\/\/tvtecjundiai.com.br\/news\/wp-json\/wp\/v2\/comments?post=75341"}],"version-history":[{"count":1,"href":"https:\/\/tvtecjundiai.com.br\/news\/wp-json\/wp\/v2\/posts\/75341\/revisions"}],"predecessor-version":[{"id":75343,"href":"https:\/\/tvtecjundiai.com.br\/news\/wp-json\/wp\/v2\/posts\/75341\/revisions\/75343"}],"wp:featuredmedia":[{"embeddable":true,"href":"https:\/\/tvtecjundiai.com.br\/news\/wp-json\/wp\/v2\/media\/75342"}],"wp:attachment":[{"href":"https:\/\/tvtecjundiai.com.br\/news\/wp-json\/wp\/v2\/media?parent=75341"}],"wp:term":[{"taxonomy":"category","embeddable":true,"href":"https:\/\/tvtecjundiai.com.br\/news\/wp-json\/wp\/v2\/categories?post=75341"},{"taxonomy":"post_tag","embeddable":true,"href":"https:\/\/tvtecjundiai.com.br\/news\/wp-json\/wp\/v2\/tags?post=75341"}],"curies":[{"name":"wp","href":"https:\/\/api.w.org\/{rel}","templated":true}]}}