{"id":75344,"date":"2021-05-06T15:25:16","date_gmt":"2021-05-06T18:25:16","guid":{"rendered":"https:\/\/tvtecjundiai.com.br\/news\/?p=75344"},"modified":"2021-05-06T15:33:19","modified_gmt":"2021-05-06T18:33:19","slug":"sao-vicente-adquire-20-novos-ventiladores-para-assistencia-a-pacientes-covid-19","status":"publish","type":"post","link":"https:\/\/tvtecjundiai.com.br\/news\/2021\/05\/06\/sao-vicente-adquire-20-novos-ventiladores-para-assistencia-a-pacientes-covid-19\/","title":{"rendered":"S\u00e3o Vicente adquire 20 novos ventiladores para assist\u00eancia \u00e0 pacientes COVID-19"},"content":{"rendered":"\n<p>Mais 20 novos ventiladores pulmonares s\u00e3o adquiridos pelo Hospital de Caridade S\u00e3o Vicente de Paulo (HSV) para manter a assist\u00eancia de qualidade aos pacientes v\u00edtimas da COVID-19 em Jundia\u00ed e regi\u00e3o. Os equipamentos chegaram ao hospital nesta segunda-feira (03), totalizando 117 ventiladores pr\u00f3prios da institui\u00e7\u00e3o. O investimento foi da ordem de R$ 1.300.000,00.<\/p>\n\n\n\n<p>&#8220;Todas nossas a\u00e7\u00f5es para o enfrentamento \u00e0 doen\u00e7a em Jundia\u00ed t\u00eam seguido um planejamento estrat\u00e9gico, contemplando a compra de novos equipamentos como esta. Isso nos possibilita ofertar mais recursos para a assist\u00eancia \u00e0 popula\u00e7\u00e3o por meio de uma equipe qualificada como \u00e9 a do Hospital S\u00e3o Vicente. Somando aos investimentos, temos avan\u00e7ado na imuniza\u00e7\u00e3o, sabemos que a nova variante do SARS-coV-2 provoca quadros cl\u00ednicos mais graves e se propaga mais r\u00e1pido. Por isso \u00e9 essencial a ajuda da popula\u00e7\u00e3o em respeitar as restri\u00e7\u00f5es desta fase\u201d, destaca o prefeito Luiz Fernando Machado.<\/p>\n\n\n\n<p>Segundo o superintendente do HSV, Matheus Gomes, no in\u00edcio da gest\u00e3o em 2017, o hospital tinha 49 ventiladores pulmonares em opera\u00e7\u00e3o. No total, foram adquiridos 66 equipamentos durante a gest\u00e3o atual, sendo 46 durante a pandemia, al\u00e9m da doa\u00e7\u00e3o de mais dois ventiladores realizada no mesmo per\u00edodo. \u201cAs aquisi\u00e7\u00f5es s\u00e3o definidas de forma estrat\u00e9gica em conjunto com a Prefeitura de Jundia\u00ed. S\u00e3o equipamentos modernos, de \u00faltima gera\u00e7\u00e3o e que, superada a fase mais aguda da pandemia, ficar\u00e3o como legado para a sa\u00fade do munic\u00edpio\u201d, explica. \u201cCom isso, teremos condi\u00e7\u00f5es de deixar os equipamentos mais antigos, adquiridos nos anos 2.000 como uma reserva estrat\u00e9gica, para eventual necessidade\u201d.<\/p>\n\n\n\n<div class=\"wp-block-image\"><figure class=\"aligncenter size-large is-resized\"><img loading=\"lazy\" decoding=\"async\" src=\"https:\/\/tvtecjundiai.com.br\/news\/wp-content\/uploads\/sites\/2\/2021\/05\/WhatsApp-Image-2021-05-06-at-15.13.10.jpeg\" alt=\"\" class=\"wp-image-75345\" width=\"604\" height=\"455\" srcset=\"https:\/\/tvtecjundiai.com.br\/news\/wp-content\/uploads\/sites\/2\/2021\/05\/WhatsApp-Image-2021-05-06-at-15.13.10.jpeg 1059w, https:\/\/tvtecjundiai.com.br\/news\/wp-content\/uploads\/sites\/2\/2021\/05\/WhatsApp-Image-2021-05-06-at-15.13.10-300x226.jpeg 300w, https:\/\/tvtecjundiai.com.br\/news\/wp-content\/uploads\/sites\/2\/2021\/05\/WhatsApp-Image-2021-05-06-at-15.13.10-768x579.jpeg 768w\" sizes=\"auto, (max-width: 604px) 100vw, 604px\" \/><figcaption>Os equipamentos chegaram ao hospital nesta segunda (03), totalizando 117 ventiladores pr\u00f3prios da institui\u00e7\u00e3o<\/figcaption><\/figure><\/div>\n\n\n\n<p>O diretor cl\u00ednico do HSV, Dr. Frederico Michelino de Oliveira, explica que o equipamento \u00e9 um dos principais suportes aos pacientes COVID-19 uma vez que faz a fun\u00e7\u00e3o dos pulm\u00f5es, ajudando o paciente a ventilar. \u201cS\u00e3o equipamentos de alta tecnologia, utilizados nos melhores hospitais do pa\u00eds. Um dos principais diferenciais \u00e9 o sistema de alto-fluxo, que permite uma ventila\u00e7\u00e3o n\u00e3o invasiva, ou seja sem necessidade de intuba\u00e7\u00e3o, uma vez que h\u00e1 uma maior concentra\u00e7\u00e3o e maior fluxo de oxig\u00eanio sendo enviado aos pulm\u00f5es, exigindo menor esfor\u00e7o e melhorando a satura\u00e7\u00e3o do paciente. O resultado esperado \u00e9 a recupera\u00e7\u00e3o plena e mais r\u00e1pida poss\u00edvel\u201d, diz.<\/p>\n\n\n\n<p>Para o vice-prefeito Gustavo Martinelli, os recursos empenhados pela administra\u00e7\u00e3o t\u00eam sido essenciais para o enfrentamento \u00e0 pandemia. \u201cJundia\u00ed \u00e9 uma cidade polo de uma regi\u00e3o e, com a uni\u00e3o de esfor\u00e7os entre os servi\u00e7os do munic\u00edpio e do Estado, todos os moradores da Aglomera\u00e7\u00e3o Urbana de Jundia\u00ed est\u00e3o sendo atendidos nas demandas da pandemia e das demais necessidades em Sa\u00fade\u201d, comenta.<\/p>\n\n\n\n<p><em>(Fonte\/Imagem: Assessoria HSV)<\/em><\/p>\n","protected":false},"excerpt":{"rendered":"<p>Com a aquisi\u00e7\u00e3o, o Hospital passa a contar com 117 ventiladores pr\u00f3prios <\/p>\n","protected":false},"author":25,"featured_media":75345,"comment_status":"closed","ping_status":"closed","sticky":false,"template":"","format":"standard","meta":{"footnotes":""},"categories":[1,2839],"tags":[],"class_list":["post-75344","post","type-post","status-publish","format-standard","has-post-thumbnail","hentry","category-noticias","category-saude"],"_links":{"self":[{"href":"https:\/\/tvtecjundiai.com.br\/news\/wp-json\/wp\/v2\/posts\/75344","targetHints":{"allow":["GET"]}}],"collection":[{"href":"https:\/\/tvtecjundiai.com.br\/news\/wp-json\/wp\/v2\/posts"}],"about":[{"href":"https:\/\/tvtecjundiai.com.br\/news\/wp-json\/wp\/v2\/types\/post"}],"author":[{"embeddable":true,"href":"https:\/\/tvtecjundiai.com.br\/news\/wp-json\/wp\/v2\/users\/25"}],"replies":[{"embeddable":true,"href":"https:\/\/tvtecjundiai.com.br\/news\/wp-json\/wp\/v2\/comments?post=75344"}],"version-history":[{"count":2,"href":"https:\/\/tvtecjundiai.com.br\/news\/wp-json\/wp\/v2\/posts\/75344\/revisions"}],"predecessor-version":[{"id":75347,"href":"https:\/\/tvtecjundiai.com.br\/news\/wp-json\/wp\/v2\/posts\/75344\/revisions\/75347"}],"wp:featuredmedia":[{"embeddable":true,"href":"https:\/\/tvtecjundiai.com.br\/news\/wp-json\/wp\/v2\/media\/75345"}],"wp:attachment":[{"href":"https:\/\/tvtecjundiai.com.br\/news\/wp-json\/wp\/v2\/media?parent=75344"}],"wp:term":[{"taxonomy":"category","embeddable":true,"href":"https:\/\/tvtecjundiai.com.br\/news\/wp-json\/wp\/v2\/categories?post=75344"},{"taxonomy":"post_tag","embeddable":true,"href":"https:\/\/tvtecjundiai.com.br\/news\/wp-json\/wp\/v2\/tags?post=75344"}],"curies":[{"name":"wp","href":"https:\/\/api.w.org\/{rel}","templated":true}]}}