{"id":75364,"date":"2021-05-07T09:10:12","date_gmt":"2021-05-07T12:10:12","guid":{"rendered":"https:\/\/tvtecjundiai.com.br\/news\/?p=75364"},"modified":"2021-05-07T09:10:12","modified_gmt":"2021-05-07T12:10:12","slug":"covid-19-vacinacao-para-idosos-com-60-anos-ou-mais-comeca-com-alegria-em-jundiai","status":"publish","type":"post","link":"https:\/\/tvtecjundiai.com.br\/news\/2021\/05\/07\/covid-19-vacinacao-para-idosos-com-60-anos-ou-mais-comeca-com-alegria-em-jundiai\/","title":{"rendered":"COVID-19: Vacina\u00e7\u00e3o para idosos com 60 anos ou mais come\u00e7a com alegria em Jundia\u00ed"},"content":{"rendered":"\n<p>Com foco na facilita\u00e7\u00e3o da oferta da dose da vacina contra a COVID-19 para a popula\u00e7\u00e3o, a Prefeitura de Jundia\u00ed, por meio da Unidade de Gest\u00e3o de Promo\u00e7\u00e3o da Sa\u00fade (UGPS), desencadeia a\u00e7\u00f5es intensificadas com a chegada de 24 mil doses de vacinas contra a infec\u00e7\u00e3o causada pelo Novo Coronav\u00edrus, tanto em agendamento quanto em aplica\u00e7\u00e3o para os p\u00fablicos determinados para este per\u00edodo. Al\u00e9m do agendamento via portal e APP Jundia\u00ed liberados de forma escalonada ao longo da semana, os idosos com mais de 66 anos que ainda n\u00e3o conseguiram tomar a dose, podem se agendar pela Central de Agendamento de Consultas (CAC) ou com a equipe da Unidade B\u00e1sica de Sa\u00fade (UBS) de refer\u00eancia.<\/p>\n\n\n\n<p>A ansiedade daqueles que aguardam pela aplica\u00e7\u00e3o \u00e9 encerrada com a recep\u00e7\u00e3o da primeira aplica\u00e7\u00e3o de vacina. Foi assim com Concei\u00e7\u00e3o Diana, 61 anos, que agendou pelo site da Prefeitura de Jundia\u00ed a aplica\u00e7\u00e3o na quarta-feira (5) e hoje, menos de 24 horas, j\u00e1 est\u00e1 recebendo a primeira dose da vacina. \u201cEstou super feliz. Contava com esse dia, que foi esperado com muito amor. \u00c9 tanta emo\u00e7\u00e3o que nem dormi direito esta noite de ansiedade. Agora vou para o meu trabalho e quero ser feliz, viver\u201d, contou com sorriso no rosto.<\/p>\n\n\n\n<p>Maria Salete do Monte Carano, 61 anos, tamb\u00e9m tomou a primeira dose com alegria. \u201cA vacina \u00e9 uma esperan\u00e7a\u201d, disse a idosa que ainda elogiou a organiza\u00e7\u00e3o para o agendamento e aplica\u00e7\u00e3o do imunizante contra a COVID-19 no Complexo Esportivo Francisco Dal Santo.<\/p>\n\n\n\n<figure class=\"wp-block-image size-large is-resized\"><img loading=\"lazy\" decoding=\"async\" src=\"https:\/\/tvtecjundiai.com.br\/news\/wp-content\/uploads\/sites\/2\/2021\/05\/vacinacao-covid-19-no-cece-dal-santo-61-mais_c_-27.jpg\" alt=\"\" class=\"wp-image-75365\" width=\"840\" height=\"560\" srcset=\"https:\/\/tvtecjundiai.com.br\/news\/wp-content\/uploads\/sites\/2\/2021\/05\/vacinacao-covid-19-no-cece-dal-santo-61-mais_c_-27.jpg 1149w, https:\/\/tvtecjundiai.com.br\/news\/wp-content\/uploads\/sites\/2\/2021\/05\/vacinacao-covid-19-no-cece-dal-santo-61-mais_c_-27-300x200.jpg 300w, https:\/\/tvtecjundiai.com.br\/news\/wp-content\/uploads\/sites\/2\/2021\/05\/vacinacao-covid-19-no-cece-dal-santo-61-mais_c_-27-768x512.jpg 768w\" sizes=\"auto, (max-width: 840px) 100vw, 840px\" \/><figcaption>Maria Salete tomou a primeira dose no CECE Francisco Dal Santo<\/figcaption><\/figure>\n\n\n\n<p>O mesmo aconteceu com o senhor Sebasti\u00e3o Soares, 77 anos, morador no Champirra, que tinha perdido a data para a segunda dose da vacina Coronavac, no dia 30 de abril. Foi atendido na vacina\u00e7\u00e3o em segunda dose remanescente no Sal\u00e3o paroquial da Igreja Sagrado Cora\u00e7\u00e3o de Jesus, na Col\u00f4nia. A filha, Maria Aparecida, ficou atenta para o agendamento da nova chance oferecida na ter\u00e7a-feira (4). \u201cA fam\u00edlia acabou se enganando com a data e fomos dias depois do que estava agendado. Agora, com essa nova chance, estamos aliviados, pois conseguimos completar as doses necess\u00e1rias para a prote\u00e7\u00e3o\u201d, conta. O pai, mais tranquilo, comemora. \u201cAgora estou feliz. Consegui tomar as duas doses da vacina.\u201d<\/p>\n\n\n\n<figure class=\"wp-block-image size-large\"><img loading=\"lazy\" decoding=\"async\" width=\"1163\" height=\"775\" src=\"https:\/\/tvtecjundiai.com.br\/news\/wp-content\/uploads\/sites\/2\/2021\/05\/vacinacao-covid-19-d2-68-mais-na-colonia_c_-58.jpg\" alt=\"\" class=\"wp-image-75366\" srcset=\"https:\/\/tvtecjundiai.com.br\/news\/wp-content\/uploads\/sites\/2\/2021\/05\/vacinacao-covid-19-d2-68-mais-na-colonia_c_-58.jpg 1163w, https:\/\/tvtecjundiai.com.br\/news\/wp-content\/uploads\/sites\/2\/2021\/05\/vacinacao-covid-19-d2-68-mais-na-colonia_c_-58-300x200.jpg 300w, https:\/\/tvtecjundiai.com.br\/news\/wp-content\/uploads\/sites\/2\/2021\/05\/vacinacao-covid-19-d2-68-mais-na-colonia_c_-58-768x512.jpg 768w\" sizes=\"auto, (max-width: 1163px) 100vw, 1163px\" \/><figcaption>Sebasti\u00e3o Soares tomou a segunda dose, na quarta-feira, no sal\u00e3o da Par\u00f3quia Sagrado Cora\u00e7\u00e3o de Jesus<\/figcaption><\/figure>\n\n\n\n<p>Morador na regi\u00e3o do Travi\u00fa, Valter Pavan tomou a dose de vacina contra a COVID-19 na NOVA UBS Travi\u00fa. \u201cEstou me sentindo muito feliz. Espero que todos tenham esse mesmo sentimento e que essa vacina seja definitiva\u201d, comentou o aposentado, que ainda elogiou o atendimento na unidade. \u201cEu sempre falo, que a equipe daqui n\u00e3o \u00e9 nota 10. \u00c9 nota 100\u201d, elogia.<\/p>\n\n\n\n<p>O morador do Travi\u00fa, faz parte daqueles idosos com mais de 66 anos e que n\u00e3o conseguiram realizar os agendamentos da primeira dose pelos canais digitais e contam com a oportunidade de agendar via Central de Agendamento de Consultas (CAC), pelo telefone 4531-8670, ou junto da equipe da UBS de refer\u00eancia para ser atendidos pr\u00f3ximo de sua resid\u00eancia.<\/p>\n\n\n\n<figure class=\"wp-block-image size-large\"><img loading=\"lazy\" decoding=\"async\" width=\"1200\" height=\"800\" src=\"https:\/\/tvtecjundiai.com.br\/news\/wp-content\/uploads\/sites\/2\/2021\/05\/vacincao_covid_ubs_traviu-102-1200x800.jpg\" alt=\"\" class=\"wp-image-75367\" srcset=\"https:\/\/tvtecjundiai.com.br\/news\/wp-content\/uploads\/sites\/2\/2021\/05\/vacincao_covid_ubs_traviu-102-1200x800.jpg 1200w, https:\/\/tvtecjundiai.com.br\/news\/wp-content\/uploads\/sites\/2\/2021\/05\/vacincao_covid_ubs_traviu-102-300x200.jpg 300w, https:\/\/tvtecjundiai.com.br\/news\/wp-content\/uploads\/sites\/2\/2021\/05\/vacincao_covid_ubs_traviu-102-768x512.jpg 768w, https:\/\/tvtecjundiai.com.br\/news\/wp-content\/uploads\/sites\/2\/2021\/05\/vacincao_covid_ubs_traviu-102.jpg 1280w\" sizes=\"auto, (max-width: 1200px) 100vw, 1200px\" \/><figcaption>Senhor Valter Pavan tomou a dose de vacina na Nova UBS Travi\u00fa<\/figcaption><\/figure>\n\n\n\n<p>At\u00e9 o boletim informado na tarde de quinta-feira (6), Jundia\u00ed havia aplicado mais de 111 mil doses de vacinas, sendo 69.529 em primeira e 41.700 em segunda dose.<\/p>\n\n\n\n<p><em>(Fonte\/Imagem: Prefeitura de Jundia\u00ed)<\/em><\/p>\n","protected":false},"excerpt":{"rendered":"<p>Foram mais de 24 mil doses ofertados esta semana no munic\u00edpio<\/p>\n","protected":false},"author":25,"featured_media":75367,"comment_status":"closed","ping_status":"closed","sticky":false,"template":"","format":"standard","meta":{"footnotes":""},"categories":[1,2839],"tags":[],"class_list":["post-75364","post","type-post","status-publish","format-standard","has-post-thumbnail","hentry","category-noticias","category-saude"],"_links":{"self":[{"href":"https:\/\/tvtecjundiai.com.br\/news\/wp-json\/wp\/v2\/posts\/75364","targetHints":{"allow":["GET"]}}],"collection":[{"href":"https:\/\/tvtecjundiai.com.br\/news\/wp-json\/wp\/v2\/posts"}],"about":[{"href":"https:\/\/tvtecjundiai.com.br\/news\/wp-json\/wp\/v2\/types\/post"}],"author":[{"embeddable":true,"href":"https:\/\/tvtecjundiai.com.br\/news\/wp-json\/wp\/v2\/users\/25"}],"replies":[{"embeddable":true,"href":"https:\/\/tvtecjundiai.com.br\/news\/wp-json\/wp\/v2\/comments?post=75364"}],"version-history":[{"count":1,"href":"https:\/\/tvtecjundiai.com.br\/news\/wp-json\/wp\/v2\/posts\/75364\/revisions"}],"predecessor-version":[{"id":75368,"href":"https:\/\/tvtecjundiai.com.br\/news\/wp-json\/wp\/v2\/posts\/75364\/revisions\/75368"}],"wp:featuredmedia":[{"embeddable":true,"href":"https:\/\/tvtecjundiai.com.br\/news\/wp-json\/wp\/v2\/media\/75367"}],"wp:attachment":[{"href":"https:\/\/tvtecjundiai.com.br\/news\/wp-json\/wp\/v2\/media?parent=75364"}],"wp:term":[{"taxonomy":"category","embeddable":true,"href":"https:\/\/tvtecjundiai.com.br\/news\/wp-json\/wp\/v2\/categories?post=75364"},{"taxonomy":"post_tag","embeddable":true,"href":"https:\/\/tvtecjundiai.com.br\/news\/wp-json\/wp\/v2\/tags?post=75364"}],"curies":[{"name":"wp","href":"https:\/\/api.w.org\/{rel}","templated":true}]}}