{"id":75373,"date":"2021-05-07T09:28:04","date_gmt":"2021-05-07T12:28:04","guid":{"rendered":"https:\/\/tvtecjundiai.com.br\/news\/?p=75373"},"modified":"2021-05-07T09:28:04","modified_gmt":"2021-05-07T12:28:04","slug":"calcada-do-velorio-municipal-recebe-a-instalacao-de-piso-tatil-para-pessoas-com-deficiencia","status":"publish","type":"post","link":"https:\/\/tvtecjundiai.com.br\/news\/2021\/05\/07\/calcada-do-velorio-municipal-recebe-a-instalacao-de-piso-tatil-para-pessoas-com-deficiencia\/","title":{"rendered":"Cal\u00e7ada do Vel\u00f3rio Municipal recebe a instala\u00e7\u00e3o de piso t\u00e1til para pessoas com defici\u00eancia"},"content":{"rendered":"\n<p>Como parte das obras de melhoria nos espa\u00e7os do Vel\u00f3rio Adamastor Fernandes, no Centro de Jundia\u00ed, a Funda\u00e7\u00e3o Municipal de A\u00e7\u00e3o Social (Fumas), avan\u00e7a com a etapa de instala\u00e7\u00e3o de piso t\u00e1til nas cal\u00e7adas no entorno do pr\u00e9dio.<\/p>\n\n\n\n<p>De acordo com o superintendente da Fumas, Jos\u00e9 Galv\u00e3o de Braga Campos, o piso faz parte de um conjunto de obras que est\u00e3o sendo realizadas no vel\u00f3rio. \u201cA acessibilidade nas cal\u00e7adas est\u00e1 sendo instalada em todo o entorno. Os acessos instalados em anos anteriores, tamb\u00e9m ser\u00e1 trocado para adequar \u00e0 legisla\u00e7\u00e3o e facilitar a visualiza\u00e7\u00e3o, com cores fortes. S\u00e3o medidas que oferecem maior seguran\u00e7a para quem caminha no entorno\u201d, comenta.<\/p>\n\n\n\n<div class=\"wp-block-image\"><figure class=\"aligncenter size-large\"><img loading=\"lazy\" decoding=\"async\" width=\"1200\" height=\"675\" src=\"https:\/\/tvtecjundiai.com.br\/news\/wp-content\/uploads\/sites\/2\/2021\/05\/velorio1-1200x675.jpeg\" alt=\"\" class=\"wp-image-75374\" srcset=\"https:\/\/tvtecjundiai.com.br\/news\/wp-content\/uploads\/sites\/2\/2021\/05\/velorio1-1200x675.jpeg 1200w, https:\/\/tvtecjundiai.com.br\/news\/wp-content\/uploads\/sites\/2\/2021\/05\/velorio1-300x169.jpeg 300w, https:\/\/tvtecjundiai.com.br\/news\/wp-content\/uploads\/sites\/2\/2021\/05\/velorio1-768x432.jpeg 768w, https:\/\/tvtecjundiai.com.br\/news\/wp-content\/uploads\/sites\/2\/2021\/05\/velorio1.jpeg 1280w\" sizes=\"auto, (max-width: 1200px) 100vw, 1200px\" \/><figcaption>Obras est\u00e3o em andamento na cal\u00e7ada do entorno do Vel\u00f3rio Adamastor Fernandes<\/figcaption><\/figure><\/div>\n\n\n\n<p>Al\u00e9m dessa interven\u00e7\u00e3o, o pr\u00e9dio passa por outras interven\u00e7\u00f5es estruturais.<\/p>\n\n\n\n<p><em>(Fonte\/Imagem: Prefeitura de Jundia\u00ed)<\/em><\/p>\n","protected":false},"excerpt":{"rendered":"<p>O piso faz parte de um conjunto de obras que est\u00e3o sendo realizadas no vel\u00f3rio<\/p>\n","protected":false},"author":25,"featured_media":75374,"comment_status":"closed","ping_status":"closed","sticky":false,"template":"","format":"standard","meta":{"footnotes":""},"categories":[5706,1],"tags":[],"class_list":["post-75373","post","type-post","status-publish","format-standard","has-post-thumbnail","hentry","category-inclusao","category-noticias"],"_links":{"self":[{"href":"https:\/\/tvtecjundiai.com.br\/news\/wp-json\/wp\/v2\/posts\/75373","targetHints":{"allow":["GET"]}}],"collection":[{"href":"https:\/\/tvtecjundiai.com.br\/news\/wp-json\/wp\/v2\/posts"}],"about":[{"href":"https:\/\/tvtecjundiai.com.br\/news\/wp-json\/wp\/v2\/types\/post"}],"author":[{"embeddable":true,"href":"https:\/\/tvtecjundiai.com.br\/news\/wp-json\/wp\/v2\/users\/25"}],"replies":[{"embeddable":true,"href":"https:\/\/tvtecjundiai.com.br\/news\/wp-json\/wp\/v2\/comments?post=75373"}],"version-history":[{"count":1,"href":"https:\/\/tvtecjundiai.com.br\/news\/wp-json\/wp\/v2\/posts\/75373\/revisions"}],"predecessor-version":[{"id":75375,"href":"https:\/\/tvtecjundiai.com.br\/news\/wp-json\/wp\/v2\/posts\/75373\/revisions\/75375"}],"wp:featuredmedia":[{"embeddable":true,"href":"https:\/\/tvtecjundiai.com.br\/news\/wp-json\/wp\/v2\/media\/75374"}],"wp:attachment":[{"href":"https:\/\/tvtecjundiai.com.br\/news\/wp-json\/wp\/v2\/media?parent=75373"}],"wp:term":[{"taxonomy":"category","embeddable":true,"href":"https:\/\/tvtecjundiai.com.br\/news\/wp-json\/wp\/v2\/categories?post=75373"},{"taxonomy":"post_tag","embeddable":true,"href":"https:\/\/tvtecjundiai.com.br\/news\/wp-json\/wp\/v2\/tags?post=75373"}],"curies":[{"name":"wp","href":"https:\/\/api.w.org\/{rel}","templated":true}]}}