{"id":75389,"date":"2021-05-07T12:08:29","date_gmt":"2021-05-07T15:08:29","guid":{"rendered":"https:\/\/tvtecjundiai.com.br\/news\/?p=75389"},"modified":"2021-05-07T12:08:29","modified_gmt":"2021-05-07T15:08:29","slug":"hospital-sao-vicente-e-fundamental-na-formacao-de-300-novos-fisioterapeutas-por-semestre","status":"publish","type":"post","link":"https:\/\/tvtecjundiai.com.br\/news\/2021\/05\/07\/hospital-sao-vicente-e-fundamental-na-formacao-de-300-novos-fisioterapeutas-por-semestre\/","title":{"rendered":"Hospital S\u00e3o Vicente \u00e9 fundamental na forma\u00e7\u00e3o de 300 novos fisioterapeutas por semestre"},"content":{"rendered":"\n<p>O est\u00e1gio \u00e9 uma das fases mais importantes na forma\u00e7\u00e3o de qualquer profissional. \u00c9 importante para o aprendizado do aluno e oferece a primeira experi\u00eancia pr\u00e1tica com a profiss\u00e3o escolhida. O Hospital de Caridade S\u00e3o Vicente de Paulo (HSV) desempenha um papel essencial nesse processo e por meio do N\u00facleo de Educa\u00e7\u00e3o Permanente (NEP), atua em parceria com diversas institui\u00e7\u00f5es de ensino como o Centro Universit\u00e1rio Padre Anchieta (UniAnchieta), Faculdade Anhanguera, Phoenix, Centro T\u00e9cnico de Enfermagem (Cetec), Col\u00e9gio Tableau, UNIFACCAMP e Senac. Ao todo, o programa de est\u00e1gios abrange estudantes da \u00e1rea da enfermagem, t\u00e9cnicos de imobiliza\u00e7\u00e3o ortop\u00e9dica, farm\u00e1cia, nutri\u00e7\u00e3o, psicologia e fisioterapia.<\/p>\n\n\n\n<p>O preceptor do est\u00e1gio de cardiorrespirat\u00f3ria vivenciado pelos alunos de fisioterapia, Rafael Bocchile, conta que os benef\u00edcios do programa s\u00e3o in\u00fameros. \u201cPor conta dessa parceria os alunos aprendem muito sobre a pr\u00e1tica do intensivismo dentro da \u00e1rea da cardiorrespirat\u00f3ria, al\u00e9m de auxiliar com a assist\u00eancia aos pacientes. Al\u00e9m disso, o hospital oferece todo o suporte necess\u00e1rio. Antes mesmo dos alunos come\u00e7arem, a equipe da institui\u00e7\u00e3o realiza uma reuni\u00e3o com os estagi\u00e1rios, explicando as regras, como funciona o hospital e como procur\u00e1-los em caso de ajuda. \u00c9 \u00f3timo para n\u00f3s\u201d.<\/p>\n\n\n\n<div class=\"wp-block-image\"><figure class=\"aligncenter size-large\"><img loading=\"lazy\" decoding=\"async\" width=\"761\" height=\"571\" src=\"https:\/\/tvtecjundiai.com.br\/news\/wp-content\/uploads\/sites\/2\/2021\/05\/unnamed.jpg\" alt=\"\" class=\"wp-image-75390\" srcset=\"https:\/\/tvtecjundiai.com.br\/news\/wp-content\/uploads\/sites\/2\/2021\/05\/unnamed.jpg 761w, https:\/\/tvtecjundiai.com.br\/news\/wp-content\/uploads\/sites\/2\/2021\/05\/unnamed-300x225.jpg 300w\" sizes=\"auto, (max-width: 761px) 100vw, 761px\" \/><figcaption>Daniel e Ewerton recepcionam alunos na institui\u00e7\u00e3o<\/figcaption><\/figure><\/div>\n\n\n\n<p>Neste per\u00edodo de pandemia, a equipe de fisioterapia, formada atualmente por 27 profissionais, ressalta a import\u00e2ncia dos novos colegas de profiss\u00e3o no cuidado aos pacientes internados. \u201cExiste uma grande demanda de atendimentos aos pacientes diagnosticados com outras patologias. Como os casos de COVID-19 exigem mais da nossa equipe, acabamos direcionando os alunos, que s\u00e3o supervisionados pelo Rafael, para os outros atendimentos e isso nos ajuda de uma forma imensur\u00e1vel. Por isso, fazemos quest\u00e3o de evidenciar essa parceria que s\u00f3 somou a qualidade do atendimento prestado ao paciente\u201d, elogia o coordenador da equipe de fisioterapia do HSV, Daniel Gimenez.<\/p>\n\n\n\n<p>O aluno S\u00e9rgio Leandro Gomes Pardim, de 30 anos, conta que decidiu pela profiss\u00e3o ap\u00f3s acompanhar o pai em um tratamento ortop\u00e9dico. \u201cAcompanhei as sess\u00f5es do meu pai ap\u00f3s ele passar por algumas cirurgias no joelho. Presenciar a fisioterapia e a import\u00e2ncia que teve na vida dele, me fez admirar a fisioterapia. Quando ouvia falar de hospital eu tinha uma percep\u00e7\u00e3o de medo, de receio, mas esse est\u00e1gio superou todas as minhas expectativas de uma maneira positiva. S\u00e3o praticamente tr\u00eas anos de teoria e essa etapa nos mostra como ser\u00e1 daqui para frente, o que podemos esperar da profiss\u00e3o\u201d.<\/p>\n\n\n\n<p>O Hospital S\u00e3o Vicente \u00e9 certificado como Hospital de Ensino e est\u00e1 oferecendo est\u00e1gio para 300 estudantes em m\u00e9dia por semestre. \u201cNo \u00faltimo ano, n\u00f3s reduzimos o n\u00famero de alunos por turmas de est\u00e1gios, desta forma, foi poss\u00edvel oferecer outros setores do hospital que at\u00e9 ent\u00e3o os estagi\u00e1rios n\u00e3o atuavam. Os estagi\u00e1rios s\u00e3o muito importantes para a promo\u00e7\u00e3o \u00e0 sa\u00fade e melhoria da nossa assist\u00eancia. Nossos pacientes e colaboradores reconhecem o empenho e dedica\u00e7\u00e3o ao trabalho desta gera\u00e7\u00e3o de novos profissionais da sa\u00fade\u201d, finaliza o coordenador de educa\u00e7\u00e3o permanente, Ewerton Alexandre Galdeano.<\/p>\n\n\n\n<p><em>(Fonte\/Imagem: Assessoria HSV)<\/em><\/p>\n","protected":false},"excerpt":{"rendered":"<p>O programa abrange estudantes da enfermagem, t\u00e9cnicos de imobiliza\u00e7\u00e3o ortop\u00e9dica, farm\u00e1cia, nutri\u00e7\u00e3o, psicologia e fisioterapia<\/p>\n","protected":false},"author":25,"featured_media":75390,"comment_status":"closed","ping_status":"closed","sticky":false,"template":"","format":"standard","meta":{"footnotes":""},"categories":[1,2839],"tags":[],"class_list":["post-75389","post","type-post","status-publish","format-standard","has-post-thumbnail","hentry","category-noticias","category-saude"],"_links":{"self":[{"href":"https:\/\/tvtecjundiai.com.br\/news\/wp-json\/wp\/v2\/posts\/75389","targetHints":{"allow":["GET"]}}],"collection":[{"href":"https:\/\/tvtecjundiai.com.br\/news\/wp-json\/wp\/v2\/posts"}],"about":[{"href":"https:\/\/tvtecjundiai.com.br\/news\/wp-json\/wp\/v2\/types\/post"}],"author":[{"embeddable":true,"href":"https:\/\/tvtecjundiai.com.br\/news\/wp-json\/wp\/v2\/users\/25"}],"replies":[{"embeddable":true,"href":"https:\/\/tvtecjundiai.com.br\/news\/wp-json\/wp\/v2\/comments?post=75389"}],"version-history":[{"count":1,"href":"https:\/\/tvtecjundiai.com.br\/news\/wp-json\/wp\/v2\/posts\/75389\/revisions"}],"predecessor-version":[{"id":75391,"href":"https:\/\/tvtecjundiai.com.br\/news\/wp-json\/wp\/v2\/posts\/75389\/revisions\/75391"}],"wp:featuredmedia":[{"embeddable":true,"href":"https:\/\/tvtecjundiai.com.br\/news\/wp-json\/wp\/v2\/media\/75390"}],"wp:attachment":[{"href":"https:\/\/tvtecjundiai.com.br\/news\/wp-json\/wp\/v2\/media?parent=75389"}],"wp:term":[{"taxonomy":"category","embeddable":true,"href":"https:\/\/tvtecjundiai.com.br\/news\/wp-json\/wp\/v2\/categories?post=75389"},{"taxonomy":"post_tag","embeddable":true,"href":"https:\/\/tvtecjundiai.com.br\/news\/wp-json\/wp\/v2\/tags?post=75389"}],"curies":[{"name":"wp","href":"https:\/\/api.w.org\/{rel}","templated":true}]}}