{"id":75401,"date":"2021-05-07T13:52:14","date_gmt":"2021-05-07T16:52:14","guid":{"rendered":"https:\/\/tvtecjundiai.com.br\/news\/?p=75401"},"modified":"2021-05-07T13:52:14","modified_gmt":"2021-05-07T16:52:14","slug":"governo-de-sp-amplia-horario-de-funcionamento-de-comercio-e-servicos","status":"publish","type":"post","link":"https:\/\/tvtecjundiai.com.br\/news\/2021\/05\/07\/governo-de-sp-amplia-horario-de-funcionamento-de-comercio-e-servicos\/","title":{"rendered":"Governo de SP amplia hor\u00e1rio de funcionamento de com\u00e9rcio e servi\u00e7os"},"content":{"rendered":"\n<p>O governo de S\u00e3o Paulo anunciou nesta sexta-feira (7) a amplia\u00e7\u00e3o do hor\u00e1rio de funcionamento de restaurantes e do com\u00e9rcio em todo o estado.<\/p>\n\n\n\n<p>Apesar de relaxar ainda mais as regras, a gest\u00e3o de Jo\u00e3o Doria (PSDB) manteve todo estado por mais duas semanas no que nomeou de &#8220;fase de transi\u00e7\u00e3o&#8221; da quarentena contra a dissemina\u00e7\u00e3o do coronav\u00edrus.<\/p>\n\n\n\n<p>A partir deste s\u00e1bado (8), lojas, shoppings, restaurantes, sal\u00f5es de beleza, academias e outros estabelecimentos comerciais poder\u00e3o operar das 6h \u00e0s 21h.<\/p>\n\n\n\n<p>A gest\u00e3o estadual aumentou para 30% da capacidade m\u00e1xima dos estabelecimentos. Por\u00e9m, n\u00e3o h\u00e1 lei, multa ou fiscaliza\u00e7\u00e3o para verificar o percentual do p\u00fablico na pr\u00e1tica.<\/p>\n\n\n\n<p>Como era:<\/p>\n\n\n\n<p>Abertura das 6h \u00e0s 20h, por 14h di\u00e1rias;<\/p>\n\n\n\n<p>Recomenda\u00e7\u00e3o de ocupa\u00e7\u00e3o m\u00e1xima de 25% para estabelecimentos comerciais e de servi\u00e7os;<\/p>\n\n\n\n<p>Toque de recolher das 20h \u00e0s 5h;<\/p>\n\n\n\n<p>Parques estaduais e municipais podem operar das 6h \u00e0s 18h.<\/p>\n\n\n\n<p>Como fica:<\/p>\n\n\n\n<p>Abertura das 6h \u00e0s 21h, por 15h di\u00e1rias;<\/p>\n\n\n\n<p>Recomenda\u00e7\u00e3o de ocupa\u00e7\u00e3o m\u00e1xima de 30% para estabelecimentos comerciais e de servi\u00e7os;<\/p>\n\n\n\n<p>Toque de recolher passa a vigorar das 21h \u00e0s 5h. A nova regra vale at\u00e9 o dia 23 de maio;<\/p>\n\n\n\n<p>Parques estaduais e municipais continuam com hor\u00e1rio menor: das 6h \u00e0s 18h.<\/p>\n\n\n\n<p>O estado de S\u00e3o Paulo est\u00e1, desde meados de abril, na chamada \u201cfase de transi\u00e7\u00e3o\u201d do Plano S\u00e3o Paulo. Apesar de criado para representar uma etapa intermedi\u00e1ria entre a fase vermelha e a laranja, o per\u00edodo transit\u00f3rio permite a abertura dos mesmos setores liberados nessas duas fases, e com hor\u00e1rios ainda mais extensos.<\/p>\n\n\n\n<p>Sem a cria\u00e7\u00e3o da fase de transi\u00e7\u00e3o, boa parte do estado estaria atualmente na fase vermelha, a mais restritiva do Plano S\u00e3o Paulo. De acordo com os indicadores do pr\u00f3prio governo estadual, 14 das 17 regi\u00f5es do estado deveriam estar na fase vermelha porque t\u00eam taxa de ocupa\u00e7\u00e3o de leitos de UTI acima de 75%.<\/p>\n\n\n\n<p>Na \u00faltima quarta, o governador Jo\u00e3o Doria chegou a dizer que estava &#8220;otimista&#8221; com o cen\u00e1rio e que o comit\u00ea de sa\u00fade avaliava o avan\u00e7o para fases mais permissivas.<\/p>\n\n\n\n<p><em>(Texto: G1\/Imagem: TVTEC)<\/em><\/p>\n","protected":false},"excerpt":{"rendered":"<p>Apesar do relaxamento, governo mant\u00e9m estado por mais duas semanas na &#8220;fase de transi\u00e7\u00e3o&#8221;<\/p>\n","protected":false},"author":28,"featured_media":59030,"comment_status":"closed","ping_status":"closed","sticky":false,"template":"","format":"standard","meta":{"footnotes":""},"categories":[8356,1],"tags":[],"class_list":["post-75401","post","type-post","status-publish","format-standard","has-post-thumbnail","hentry","category-jundiai","category-noticias"],"_links":{"self":[{"href":"https:\/\/tvtecjundiai.com.br\/news\/wp-json\/wp\/v2\/posts\/75401","targetHints":{"allow":["GET"]}}],"collection":[{"href":"https:\/\/tvtecjundiai.com.br\/news\/wp-json\/wp\/v2\/posts"}],"about":[{"href":"https:\/\/tvtecjundiai.com.br\/news\/wp-json\/wp\/v2\/types\/post"}],"author":[{"embeddable":true,"href":"https:\/\/tvtecjundiai.com.br\/news\/wp-json\/wp\/v2\/users\/28"}],"replies":[{"embeddable":true,"href":"https:\/\/tvtecjundiai.com.br\/news\/wp-json\/wp\/v2\/comments?post=75401"}],"version-history":[{"count":1,"href":"https:\/\/tvtecjundiai.com.br\/news\/wp-json\/wp\/v2\/posts\/75401\/revisions"}],"predecessor-version":[{"id":75402,"href":"https:\/\/tvtecjundiai.com.br\/news\/wp-json\/wp\/v2\/posts\/75401\/revisions\/75402"}],"wp:featuredmedia":[{"embeddable":true,"href":"https:\/\/tvtecjundiai.com.br\/news\/wp-json\/wp\/v2\/media\/59030"}],"wp:attachment":[{"href":"https:\/\/tvtecjundiai.com.br\/news\/wp-json\/wp\/v2\/media?parent=75401"}],"wp:term":[{"taxonomy":"category","embeddable":true,"href":"https:\/\/tvtecjundiai.com.br\/news\/wp-json\/wp\/v2\/categories?post=75401"},{"taxonomy":"post_tag","embeddable":true,"href":"https:\/\/tvtecjundiai.com.br\/news\/wp-json\/wp\/v2\/tags?post=75401"}],"curies":[{"name":"wp","href":"https:\/\/api.w.org\/{rel}","templated":true}]}}