{"id":75414,"date":"2021-05-09T17:00:00","date_gmt":"2021-05-09T20:00:00","guid":{"rendered":"https:\/\/tvtecjundiai.com.br\/news\/?p=75414"},"modified":"2021-05-11T13:25:01","modified_gmt":"2021-05-11T16:25:01","slug":"prefeitura-de-jundiai-e-tvtec-abrem-mais-130-vagas-para-cursos-gratuitos-e-online","status":"publish","type":"post","link":"https:\/\/tvtecjundiai.com.br\/news\/2021\/05\/09\/prefeitura-de-jundiai-e-tvtec-abrem-mais-130-vagas-para-cursos-gratuitos-e-online\/","title":{"rendered":"Prefeitura de Jundia\u00ed e TVTEC abrem mais 130 vagas para cursos gratuitos e online"},"content":{"rendered":"\n<p>A Prefeitura de Jundia\u00ed em parceria com a TVTEC abre inscri\u00e7\u00f5es para 130 novas vagas de cursos online e gratuitos. As inscri\u00e7\u00f5es abrem nesta ter\u00e7a-feira (11) a partir das 10h.<\/p>\n\n\n\n<p>Para este lote, as op\u00e7\u00f5es de curso s\u00e3o: Oficina de LinkedIn, Instagram e Facebook Ads, Cria\u00e7\u00e3o de Posts para Redes Sociais no Canva, Lightroom &#8211; Edi\u00e7\u00e3o de Foto com o Celular e Planejamento Fotogr\u00e1fico.<\/p>\n\n\n\n<p>Neste m\u00eas de maio, os cursos somam mais de 105 horas de conte\u00fados voltados principalmente para as m\u00eddias sociais e empreendedorismo.<\/p>\n\n\n\n<p>As inscri\u00e7\u00f5es acontecem sempre \u00e0s 10h pelo site da TVTEC: <a href=\"https:\/\/tvtecjundiai.com.br\/inscricoes\/\">https:\/\/tvtecjundiai.com.br\/inscricoes\/<\/a>. Veja abaixo os cursos com inscri\u00e7\u00f5es.<\/p>\n\n\n\n<p><strong><em>Lote 3: Inscri\u00e7\u00f5es dia 11\/05 \u00e0s 10 horas &#8211; 130 vagas &#8211; 25 horas<\/em><\/strong><\/p>\n\n\n\n<p><strong>Oficina de LinkedIn<\/strong><strong><br>Professora:&nbsp;<\/strong>M\u00e1rcia Malheiros<br><strong>Dias:&nbsp;<\/strong>17 e 19\/05 \u2013 Das 14h \u00e0s 16h<br><strong>30 vagas \u2013 Carga: 4h<\/strong><\/p>\n\n\n\n<p><strong>Saiba mais: <\/strong><a href=\"http:\/\/bit.ly\/oficinalinkedIn\">http:\/\/bit.ly\/oficinalinkedIn<\/a><\/p>\n\n\n\n<p><strong>Instagram e Facebook Ads<\/strong><strong><br>Professora:<\/strong>&nbsp;Mariana Batista<br><strong>Dias:&nbsp;<\/strong>17 e 19\/05 \u2013 Das 19h \u00e0s 22h<br><strong>30 vagas \u2013 Carga: 6h<\/strong><\/p>\n\n\n\n<p><strong>Saiba mais: <\/strong><a href=\"http:\/\/bit.ly\/adsfaceinstagram\">http:\/\/bit.ly\/adsfaceinstagram<\/a><\/p>\n\n\n\n<p><strong>Cria\u00e7\u00e3o de Posts para Redes Sociais no Canva<br>Professora:\u00a0<\/strong>Fabiana Pincinato<br><strong>Dias:\u00a0<\/strong>18 e 20\/05 \u2013 Das 14h \u00e0s 17h<br><strong>20 vagas \u2013\u00a0 Carga: 6h<\/strong><\/p>\n\n\n\n<p><strong>Saiba mais: <\/strong><a href=\"http:\/\/bit.ly\/criacaopostredessociais\">http:\/\/bit.ly\/criacaopostredessociais<\/a><\/p>\n\n\n\n<p><strong>Lightroom \u2013 Edi\u00e7\u00e3o de Foto com o Celular<\/strong><br><strong>Professor:\u00a0<\/strong>Lucas Casalle<br><strong>Dias:\u00a0<\/strong>18 e 20\/05 \u2013 Das 19h \u00e0s 22h<br><strong>20 vagas \u2013 Carga: 6h<\/strong><\/p>\n\n\n\n<p><strong>Saiba mais: <\/strong><a href=\"http:\/\/bit.ly\/lightroomedicaofoto\">http:\/\/bit.ly\/lightroomedicaofoto<\/a><\/p>\n\n\n\n<p><strong>Planejamento Fotogr\u00e1fico<\/strong><br><strong>Professor:&nbsp;<\/strong>Everton Rossini<br><strong>Dia:<\/strong>&nbsp;19\/05 \u2013 Das 19h \u00e0s 22h<br><strong>30 vagas \u2013&nbsp; Carga: 3h<\/strong><\/p>\n\n\n\n<p><strong>Saiba mais: <\/strong><a href=\"http:\/\/bit.ly\/planejamentofotografico\">http:\/\/bit.ly\/planejamentofotografico<\/a><\/p>\n\n\n\n<p><em>(Texto\/Imagem: TVTEC)<\/em><\/p>\n","protected":false},"excerpt":{"rendered":"<p>Inscri\u00e7\u00f5es abrem nesta ter\u00e7a-feira (11) a partir das 10 horas pelo site da TVTEC<\/p>\n","protected":false},"author":28,"featured_media":75426,"comment_status":"closed","ping_status":"closed","sticky":false,"template":"","format":"standard","meta":{"footnotes":""},"categories":[8356,1],"tags":[],"class_list":["post-75414","post","type-post","status-publish","format-standard","has-post-thumbnail","hentry","category-jundiai","category-noticias"],"_links":{"self":[{"href":"https:\/\/tvtecjundiai.com.br\/news\/wp-json\/wp\/v2\/posts\/75414","targetHints":{"allow":["GET"]}}],"collection":[{"href":"https:\/\/tvtecjundiai.com.br\/news\/wp-json\/wp\/v2\/posts"}],"about":[{"href":"https:\/\/tvtecjundiai.com.br\/news\/wp-json\/wp\/v2\/types\/post"}],"author":[{"embeddable":true,"href":"https:\/\/tvtecjundiai.com.br\/news\/wp-json\/wp\/v2\/users\/28"}],"replies":[{"embeddable":true,"href":"https:\/\/tvtecjundiai.com.br\/news\/wp-json\/wp\/v2\/comments?post=75414"}],"version-history":[{"count":4,"href":"https:\/\/tvtecjundiai.com.br\/news\/wp-json\/wp\/v2\/posts\/75414\/revisions"}],"predecessor-version":[{"id":75570,"href":"https:\/\/tvtecjundiai.com.br\/news\/wp-json\/wp\/v2\/posts\/75414\/revisions\/75570"}],"wp:featuredmedia":[{"embeddable":true,"href":"https:\/\/tvtecjundiai.com.br\/news\/wp-json\/wp\/v2\/media\/75426"}],"wp:attachment":[{"href":"https:\/\/tvtecjundiai.com.br\/news\/wp-json\/wp\/v2\/media?parent=75414"}],"wp:term":[{"taxonomy":"category","embeddable":true,"href":"https:\/\/tvtecjundiai.com.br\/news\/wp-json\/wp\/v2\/categories?post=75414"},{"taxonomy":"post_tag","embeddable":true,"href":"https:\/\/tvtecjundiai.com.br\/news\/wp-json\/wp\/v2\/tags?post=75414"}],"curies":[{"name":"wp","href":"https:\/\/api.w.org\/{rel}","templated":true}]}}