{"id":75418,"date":"2021-05-07T15:20:10","date_gmt":"2021-05-07T18:20:10","guid":{"rendered":"https:\/\/tvtecjundiai.com.br\/news\/?p=75418"},"modified":"2021-05-07T15:41:36","modified_gmt":"2021-05-07T18:41:36","slug":"guarda-municipal-de-jundiai-doa-roupas-e-cobertores-para-familia-no-santa-gertrudes-1","status":"publish","type":"post","link":"https:\/\/tvtecjundiai.com.br\/news\/2021\/05\/07\/guarda-municipal-de-jundiai-doa-roupas-e-cobertores-para-familia-no-santa-gertrudes-1\/","title":{"rendered":"Guarda Municipal de Jundia\u00ed doa roupas e cobertores para fam\u00edlia no Santa Gertrudes"},"content":{"rendered":"\n<p>Uma averigua\u00e7\u00e3o de crian\u00e7as pequenas andando sozinhas em uma rua no bairro Santa Gertrudes, culminou com diversas doa\u00e7\u00f5es de roupas de frio, cobertores e caixas de bombons para a fam\u00edlia. Foi assim que guardas municipais encerraram um atendimento no bairro Santa Gertrudes na manh\u00e3 desta sexta-feira (07).<\/p>\n\n\n\n<p>A empatia e solidariedade dos guardas Samuel e Costa J\u00fanior, fizeram com que a Unidade de Gest\u00e3o de Seguran\u00e7a se mobilizasse para buscar rapidamente roupas de frio e cobertas para elas.<\/p>\n\n\n\n<p>\u201cEram cinco crian\u00e7as e duas m\u00e3es que nitidamente n\u00e3o tinham blusas e cobertas para elas. Chegaram h\u00e1 pouco tempo da Bahia e vieram despreparadas. N\u00e3o pod\u00edamos encerrar a ocorr\u00eancia e ir embora\u201d, conta o GM Samuel que emocionado entregou as doa\u00e7\u00f5es com o parceiro Costa J\u00fanior. \u201cComo o port\u00e3o da resid\u00eancia estava aberto, as crian\u00e7as, duas de seis anos, um de tr\u00eas e um de quatro anos, ficaram brincando na cal\u00e7ada\u201d, conta Samuel.<\/p>\n\n\n\n<p>Com o apoio e ajuda de moradores de um condom\u00ednio no bairro Engordadouro e de uma lojista na Vila Hortol\u00e2ndia,os guardas puderam acompanhar com alegria, a felicidade das crian\u00e7as e al\u00edvio das m\u00e3es em vestir e aquecer seus filhos.<\/p>\n\n\n\n<p>As m\u00e3es, Geisiane Ribeiro de 21 anos e Alessandra Santos de 23 com um beb\u00ea de um ano no colo, agradeceram a ajuda dos guardas e disseram que n\u00e3o esperavam receber a ajuda t\u00e3o rapidamente.<\/p>\n\n\n\n<figure class=\"wp-block-image size-large\"><img loading=\"lazy\" decoding=\"async\" width=\"900\" height=\"600\" src=\"https:\/\/tvtecjundiai.com.br\/news\/wp-content\/uploads\/sites\/2\/2021\/05\/DSC_7757-900x600-1.jpg\" alt=\"\" class=\"wp-image-75419\" srcset=\"https:\/\/tvtecjundiai.com.br\/news\/wp-content\/uploads\/sites\/2\/2021\/05\/DSC_7757-900x600-1.jpg 900w, https:\/\/tvtecjundiai.com.br\/news\/wp-content\/uploads\/sites\/2\/2021\/05\/DSC_7757-900x600-1-300x200.jpg 300w, https:\/\/tvtecjundiai.com.br\/news\/wp-content\/uploads\/sites\/2\/2021\/05\/DSC_7757-900x600-1-768x512.jpg 768w\" sizes=\"auto, (max-width: 900px) 100vw, 900px\" \/><figcaption>M\u00e3es e crian\u00e7as com as doa\u00e7\u00f5es recebidas ao lado dos guardas Samuel e Costa J\u00fanior<\/figcaption><\/figure>\n\n\n\n<p>\u201cViemos do interior da Bahia e estamos voltando em breve. Nossos maridos est\u00e3o a procura de trabalho. Agradecemos muito os guardas Samuel e Costa J\u00fanior pela ajuda\u201d, destaca Alessandra.<\/p>\n\n\n\n<p>Al\u00e9m das roupas doadas, a Unidade de Gest\u00e3o de Seguran\u00e7a doou algumas caixas de bombons para as crian\u00e7as. A gestora de Seguran\u00e7a Municipal, coronel Carla Basson, agradeceu a solidariedade dos moradores e da lojista.<\/p>\n\n\n\n<p><em>(Texto\/Imagem: Assessoria de Imprensa)<\/em><\/p>\n","protected":false},"excerpt":{"rendered":"<p>Fam\u00edlia recebeu roupas de frio, cobertores e bombons; a\u00e7\u00e3o aconteceu durante averigua\u00e7\u00e3o da GM no bairro<\/p>\n","protected":false},"author":28,"featured_media":75421,"comment_status":"closed","ping_status":"closed","sticky":false,"template":"","format":"standard","meta":{"footnotes":""},"categories":[8356,1],"tags":[],"class_list":["post-75418","post","type-post","status-publish","format-standard","has-post-thumbnail","hentry","category-jundiai","category-noticias"],"_links":{"self":[{"href":"https:\/\/tvtecjundiai.com.br\/news\/wp-json\/wp\/v2\/posts\/75418","targetHints":{"allow":["GET"]}}],"collection":[{"href":"https:\/\/tvtecjundiai.com.br\/news\/wp-json\/wp\/v2\/posts"}],"about":[{"href":"https:\/\/tvtecjundiai.com.br\/news\/wp-json\/wp\/v2\/types\/post"}],"author":[{"embeddable":true,"href":"https:\/\/tvtecjundiai.com.br\/news\/wp-json\/wp\/v2\/users\/28"}],"replies":[{"embeddable":true,"href":"https:\/\/tvtecjundiai.com.br\/news\/wp-json\/wp\/v2\/comments?post=75418"}],"version-history":[{"count":1,"href":"https:\/\/tvtecjundiai.com.br\/news\/wp-json\/wp\/v2\/posts\/75418\/revisions"}],"predecessor-version":[{"id":75420,"href":"https:\/\/tvtecjundiai.com.br\/news\/wp-json\/wp\/v2\/posts\/75418\/revisions\/75420"}],"wp:featuredmedia":[{"embeddable":true,"href":"https:\/\/tvtecjundiai.com.br\/news\/wp-json\/wp\/v2\/media\/75421"}],"wp:attachment":[{"href":"https:\/\/tvtecjundiai.com.br\/news\/wp-json\/wp\/v2\/media?parent=75418"}],"wp:term":[{"taxonomy":"category","embeddable":true,"href":"https:\/\/tvtecjundiai.com.br\/news\/wp-json\/wp\/v2\/categories?post=75418"},{"taxonomy":"post_tag","embeddable":true,"href":"https:\/\/tvtecjundiai.com.br\/news\/wp-json\/wp\/v2\/tags?post=75418"}],"curies":[{"name":"wp","href":"https:\/\/api.w.org\/{rel}","templated":true}]}}