{"id":75422,"date":"2021-05-07T16:09:05","date_gmt":"2021-05-07T19:09:05","guid":{"rendered":"https:\/\/tvtecjundiai.com.br\/news\/?p=75422"},"modified":"2021-05-07T16:09:05","modified_gmt":"2021-05-07T19:09:05","slug":"vacinacao-solidaria-ja-registra-70-toneladas-de-alimentos-arrecadados-em-jundiai","status":"publish","type":"post","link":"https:\/\/tvtecjundiai.com.br\/news\/2021\/05\/07\/vacinacao-solidaria-ja-registra-70-toneladas-de-alimentos-arrecadados-em-jundiai\/","title":{"rendered":"\u2018Vacina\u00e7\u00e3o Solid\u00e1ria\u2019 j\u00e1 registra 70 toneladas de alimentos arrecadados em Jundia\u00ed"},"content":{"rendered":"\n<p>Desde o dia 29 de mar\u00e7o, quando foi lan\u00e7ada, at\u00e9 a \u00faltima quinta-feira (06), j\u00e1 foram arrecadadas 70 toneladas de alimentos n\u00e3o perec\u00edveis por meio da \u2018Vacina\u00e7\u00e3o Solid\u00e1ria\u2019, a\u00e7\u00e3o coordenada pelo Fundo Social de Solidariedade de Jundia\u00ed (Funss) e criada com o intuito de refor\u00e7ar a Campanha Permanente desenvolvida pela unidade.<\/p>\n\n\n\n<p>\u201cEstamos muito felizes com a participa\u00e7\u00e3o da popula\u00e7\u00e3o. Jundia\u00ed sempre foi uma cidade acolhedora \u00e0s dificuldades do outro e, desta vez, n\u00e3o foi diferente\u201d, disse Vanessa Machado, presidente do Fundo Social.<\/p>\n\n\n\n<figure class=\"wp-block-image size-large\"><img loading=\"lazy\" decoding=\"async\" width=\"1200\" height=\"800\" src=\"https:\/\/tvtecjundiai.com.br\/news\/wp-content\/uploads\/sites\/2\/2021\/05\/doacao_alimentos_vacinacao_funss-48-1200x800.jpg\" alt=\"\" class=\"wp-image-75423\" srcset=\"https:\/\/tvtecjundiai.com.br\/news\/wp-content\/uploads\/sites\/2\/2021\/05\/doacao_alimentos_vacinacao_funss-48-1200x800.jpg 1200w, https:\/\/tvtecjundiai.com.br\/news\/wp-content\/uploads\/sites\/2\/2021\/05\/doacao_alimentos_vacinacao_funss-48-300x200.jpg 300w, https:\/\/tvtecjundiai.com.br\/news\/wp-content\/uploads\/sites\/2\/2021\/05\/doacao_alimentos_vacinacao_funss-48-768x512.jpg 768w, https:\/\/tvtecjundiai.com.br\/news\/wp-content\/uploads\/sites\/2\/2021\/05\/doacao_alimentos_vacinacao_funss-48.jpg 1280w\" sizes=\"auto, (max-width: 1200px) 100vw, 1200px\" \/><figcaption>Popula\u00e7\u00e3o se solidarizou e contribuiu com a doa\u00e7\u00e3o de alimentos n\u00e3o perec\u00edveis<\/figcaption><\/figure>\n\n\n\n<p>De acordo com a primeira-dama, o engajamento de todos se faz necess\u00e1rio uma vez que refor\u00e7a o atendimento \u00e0s fam\u00edlias em vulnerabilidade. \u201cO Fundo Social sempre realizou um trabalho consistente junto \u00e0s entidades cadastradas. No entanto, com o in\u00edcio da pandemia, tamb\u00e9m passou a auxiliar nas medidas adotadas pela Prefeitura para combater a doen\u00e7a e os reflexos sociais e econ\u00f4micos. Por isso, toda doa\u00e7\u00e3o que chega at\u00e9 o Funss \u00e9 de extrema import\u00e2ncia e faz diferen\u00e7a\u201d, afirmou ela.<\/p>\n\n\n\n<p>As doa\u00e7\u00f5es que s\u00e3o encaminhadas pela \u2018Vacina\u00e7\u00e3o Solid\u00e1ria\u2019 chegam ao Fundo Social por meio dos postos de imuniza\u00e7\u00e3o. Os locais s\u00e3o identificados e contam com o trabalho de volunt\u00e1rios na recep\u00e7\u00e3o destes alimentos n\u00e3o perec\u00edveis. Al\u00e9m disso, no Centro de Imuniza\u00e7\u00e3o para vacina\u00e7\u00e3o em esquema\u00a0<em>Drive Thru<\/em>, instalado no Parque da Uva, onde a vacina \u00e9 aplicada com o idoso dentro do carro, n\u00e3o h\u00e1 a necessidade de descer do ve\u00edculo para fazer a doa\u00e7\u00e3o.<\/p>\n\n\n\n<figure class=\"wp-block-image size-large\"><img loading=\"lazy\" decoding=\"async\" width=\"1200\" height=\"801\" src=\"https:\/\/tvtecjundiai.com.br\/news\/wp-content\/uploads\/sites\/2\/2021\/05\/montagem_cesta_funss-96-1200x801.jpg\" alt=\"\" class=\"wp-image-75424\" srcset=\"https:\/\/tvtecjundiai.com.br\/news\/wp-content\/uploads\/sites\/2\/2021\/05\/montagem_cesta_funss-96-1200x801.jpg 1200w, https:\/\/tvtecjundiai.com.br\/news\/wp-content\/uploads\/sites\/2\/2021\/05\/montagem_cesta_funss-96-300x200.jpg 300w, https:\/\/tvtecjundiai.com.br\/news\/wp-content\/uploads\/sites\/2\/2021\/05\/montagem_cesta_funss-96-768x512.jpg 768w, https:\/\/tvtecjundiai.com.br\/news\/wp-content\/uploads\/sites\/2\/2021\/05\/montagem_cesta_funss-96.jpg 1280w\" sizes=\"auto, (max-width: 1200px) 100vw, 1200px\" \/><figcaption>Alimentos n\u00e3o perec\u00edveis s\u00e3o triados e encaminhados para as pessoas em vulnerabilidade<\/figcaption><\/figure>\n\n\n\n<p>Quem recebe a sua doa\u00e7\u00e3o?<\/p>\n\n\n\n<p>Al\u00e9m das institui\u00e7\u00f5es cadastradas no Fundo Social, tamb\u00e9m recebe parte destas doa\u00e7\u00f5es a Unidade de Gest\u00e3o de Assist\u00eancia e Desenvolvimento Social (UGADS), da Prefeitura de Jundia\u00ed, que faz o atendimento direto ao mun\u00edcipe em vulnerabilidade. \u201cAs fam\u00edlias que n\u00e3o s\u00e3o atendidas por entidades, igrejas e associa\u00e7\u00f5es de moradores devem buscar o Centro de Refer\u00eancia da Assist\u00eancia Social (CRAS) mais pr\u00f3ximo\u201d, explicou Vanessa.<\/p>\n\n\n\n<p>A \u2018Vacina\u00e7\u00e3o Solid\u00e1ria\u2019 tem apoio da Rede Jundia\u00ed de Coopera\u00e7\u00e3o, vinculada \u00e0 Unidade de Governo e Finan\u00e7as (UGGF), e outras Unidades de Gest\u00e3o da Prefeitura de Jundia\u00ed, al\u00e9m da rede Tauste Supermercados, que emprestou carrinhos met\u00e1licos para apoio direto nos pontos de vacina\u00e7\u00e3o de Jundia\u00ed.<\/p>\n\n\n\n<p>Os endere\u00e7os dos pontos de imuniza\u00e7\u00e3o est\u00e3o dispon\u00edveis no site da Prefeitura de Jundia\u00ed. Informa\u00e7\u00f5es: (11) 4521-2762, 4521-2929 e 4521-6833.<\/p>\n\n\n\n<p><em>(Texto\/Imagem: Prefeitura de Jundia\u00ed)<\/em><\/p>\n","protected":false},"excerpt":{"rendered":"<p>As doa\u00e7\u00f5es que s\u00e3o encaminhadas pela campanha chegam ao Fundo Social por meio dos postos de imuniza\u00e7\u00e3o<\/p>\n","protected":false},"author":28,"featured_media":75423,"comment_status":"closed","ping_status":"closed","sticky":false,"template":"","format":"standard","meta":{"footnotes":""},"categories":[8356,1],"tags":[],"class_list":["post-75422","post","type-post","status-publish","format-standard","has-post-thumbnail","hentry","category-jundiai","category-noticias"],"_links":{"self":[{"href":"https:\/\/tvtecjundiai.com.br\/news\/wp-json\/wp\/v2\/posts\/75422","targetHints":{"allow":["GET"]}}],"collection":[{"href":"https:\/\/tvtecjundiai.com.br\/news\/wp-json\/wp\/v2\/posts"}],"about":[{"href":"https:\/\/tvtecjundiai.com.br\/news\/wp-json\/wp\/v2\/types\/post"}],"author":[{"embeddable":true,"href":"https:\/\/tvtecjundiai.com.br\/news\/wp-json\/wp\/v2\/users\/28"}],"replies":[{"embeddable":true,"href":"https:\/\/tvtecjundiai.com.br\/news\/wp-json\/wp\/v2\/comments?post=75422"}],"version-history":[{"count":1,"href":"https:\/\/tvtecjundiai.com.br\/news\/wp-json\/wp\/v2\/posts\/75422\/revisions"}],"predecessor-version":[{"id":75425,"href":"https:\/\/tvtecjundiai.com.br\/news\/wp-json\/wp\/v2\/posts\/75422\/revisions\/75425"}],"wp:featuredmedia":[{"embeddable":true,"href":"https:\/\/tvtecjundiai.com.br\/news\/wp-json\/wp\/v2\/media\/75423"}],"wp:attachment":[{"href":"https:\/\/tvtecjundiai.com.br\/news\/wp-json\/wp\/v2\/media?parent=75422"}],"wp:term":[{"taxonomy":"category","embeddable":true,"href":"https:\/\/tvtecjundiai.com.br\/news\/wp-json\/wp\/v2\/categories?post=75422"},{"taxonomy":"post_tag","embeddable":true,"href":"https:\/\/tvtecjundiai.com.br\/news\/wp-json\/wp\/v2\/tags?post=75422"}],"curies":[{"name":"wp","href":"https:\/\/api.w.org\/{rel}","templated":true}]}}