{"id":75441,"date":"2021-05-07T17:46:06","date_gmt":"2021-05-07T20:46:06","guid":{"rendered":"https:\/\/tvtecjundiai.com.br\/news\/?p=75441"},"modified":"2021-05-07T17:46:06","modified_gmt":"2021-05-07T20:46:06","slug":"destinacao-do-imposto-de-renda-pode-contribuir-para-restauro-do-complexo-fepasa","status":"publish","type":"post","link":"https:\/\/tvtecjundiai.com.br\/news\/2021\/05\/07\/destinacao-do-imposto-de-renda-pode-contribuir-para-restauro-do-complexo-fepasa\/","title":{"rendered":"Destina\u00e7\u00e3o do Imposto de Renda pode contribuir para restauro do Complexo Fepasa"},"content":{"rendered":"\n<p>Natural de Ipaussu, no interior paulista, Antonio Rebello hoje se considera muito mais um jundiaiense. Com 79 anos, o engenheiro mec\u00e2nico aposentado chegou na cidade de Jundia\u00ed h\u00e1 mais de 50 para trabalhar no Complexo Fepasa. Durante sua carreira, dedicou-se \u00e0 manuten\u00e7\u00e3o de locomotivas \u00e0 diesel e p\u00f4de acompanhar as transforma\u00e7\u00f5es do Munic\u00edpio e da ferrovia. \u201cNo Complexo Fepasa o que se via era a devo\u00e7\u00e3o dos funcion\u00e1rios. Muitos, como eu, tinham como objetivo de vida trabalhar na Companhia Paulista\u201d.<\/p>\n\n\n\n<p>Al\u00e9m de garantir a cria\u00e7\u00e3o e sustento de seus cinco filhos, o trabalho na ferrovia levou o senhor Antonio a um est\u00e1gio em Hennigsdorf, pr\u00f3xima a Berlim, na antiga Alemanha Oriental. \u201cNa d\u00e9cada de 1960, fiz um est\u00e1gio de cinco meses na f\u00e1brica da LEW, de quem a Fepasa comprou locomotivas. Para passear em Berlim, t\u00ednhamos de pegar um trem subterr\u00e2neo, que atravessava o territ\u00f3rio ocidental da capital e desembarcava do lado oriental. Para cruzar a fronteira dentro de Berlim, na primeira vez fiz uma entrevista que durou uma hora. Nas vezes seguintes foi t\u00e3o r\u00e1pido que me recordo do dia em que me esqueci de levar o passaporte e os guardas me reconheceram e me deixaram atravessar\u201d, brinca o aposentado.<\/p>\n\n\n\n<p>A fim de resgatar mem\u00f3rias como as do senhor Ant\u00f4nio e de tantas outras ligadas \u00e0 ferrovia e \u00e0 cidade, a Unidade de Gest\u00e3o de Cultura (UGC) lan\u00e7ou a campanha Complexo Fepasa nos trilhos da preserva\u00e7\u00e3o. Por meio da destina\u00e7\u00e3o do Imposto de Renda, todo cidad\u00e3o pode em sua declara\u00e7\u00e3o garantir de 3% a 6% do valor total devido para a revitaliza\u00e7\u00e3o do Complexo, que \u00e9 o \u00fanico patrim\u00f4nio hist\u00f3rico do Munic\u00edpio com tombamento em n\u00edvel nacional, registrado pelo o Instituto do Patrim\u00f4nio Hist\u00f3rico e Art\u00edstico Nacional (IPHAN).<\/p>\n\n\n\n<figure class=\"wp-block-image size-large\"><img loading=\"lazy\" decoding=\"async\" width=\"1200\" height=\"800\" src=\"https:\/\/tvtecjundiai.com.br\/news\/wp-content\/uploads\/sites\/2\/2021\/05\/campanha-complexo-fepasa_antonio-rebelo-92-1200x800.jpg\" alt=\"\" class=\"wp-image-75442\" srcset=\"https:\/\/tvtecjundiai.com.br\/news\/wp-content\/uploads\/sites\/2\/2021\/05\/campanha-complexo-fepasa_antonio-rebelo-92-1200x800.jpg 1200w, https:\/\/tvtecjundiai.com.br\/news\/wp-content\/uploads\/sites\/2\/2021\/05\/campanha-complexo-fepasa_antonio-rebelo-92-300x200.jpg 300w, https:\/\/tvtecjundiai.com.br\/news\/wp-content\/uploads\/sites\/2\/2021\/05\/campanha-complexo-fepasa_antonio-rebelo-92-768x512.jpg 768w, https:\/\/tvtecjundiai.com.br\/news\/wp-content\/uploads\/sites\/2\/2021\/05\/campanha-complexo-fepasa_antonio-rebelo-92.jpg 1280w\" sizes=\"auto, (max-width: 1200px) 100vw, 1200px\" \/><figcaption>Antonio e seu antigo crach\u00e1: quase tr\u00eas d\u00e9cadas dedicadas \u00e0 ferrovia<\/figcaption><\/figure>\n\n\n\n<p>O gestor da UGC, Marcelo Peroni, ressalta que a campanha n\u00e3o se trata de um acr\u00e9scimo de tributa\u00e7\u00e3o. \u201cN\u00e3o se trata de um imposto a mais para o cidad\u00e3o, mas da destina\u00e7\u00e3o de uma cota do que ele j\u00e1 deve ao fisco. Aderindo \u00e0 causa, o contribuinte n\u00e3o s\u00f3 garante que o seu dinheiro fique no Munic\u00edpio, como tamb\u00e9m pode acompanhar todas as melhorias realizadas a partir desse investimento\u201d.<\/p>\n\n\n\n<p>A campanha \u00e9 aprovada pelo Programa Nacional de Apoio \u00e0 Cultura (Pronac) e visa \u00e0 requalifica\u00e7\u00e3o, restauro e conserva\u00e7\u00e3o da ala hist\u00f3rica e central do Complexo. E os dados banc\u00e1rios s\u00e3o: Banco do Brasil \u2013 Ag\u00eancia: 0340-9\/ Conta de Capta\u00e7\u00e3o: 72.408-4. Para poder contribuir, \u00e9 importante que a declara\u00e7\u00e3o seja feita no modelo completo e o interessado indique a sua inten\u00e7\u00e3o ao seu contador ou contadora.<\/p>\n\n\n\n<p>At\u00e9 antes da pandemia, o senhor Antonio visitava com frequ\u00eancia o Complexo. \u201cConservar as boas coisas do passado, como a mem\u00f3ria da ferrovia, afasta algumas vergonhas que o Brasil carrega, como a pobreza do povo e a Ditadura Militar. Mas a \u00edndole do brasileiro venceu\u201d, comemora o aposentado como votos para o sucesso da revitaliza\u00e7\u00e3o do Complexo.<\/p>\n\n\n\n<p>Todos os detalhes t\u00e9cnicos da campanha e uma galeria de fotos sobre as melhorias j\u00e1 realizadas podem ser consultados no site da Cultura.<\/p>\n\n\n\n<p><strong>Mais melhorias<\/strong><br>Al\u00e9m da lei de incentivo, Peroni destaca outras melhorias em curso. \u201cEm fase de licita\u00e7\u00e3o, est\u00e3o previstos cerca de R$ 880 mil oriundos do Fundo de Defesa dos Interesses Difusos (FID), da Secretaria Estadual da Justi\u00e7a e Cidadania, para a reforma dos telhados, al\u00e9m de outros R$ 500 mil, provenientes de um Estudo de Impacto de Vizinhan\u00e7a (EIV), em fase final de an\u00e1lise, para o cal\u00e7amento e integra\u00e7\u00e3o do Complexo com o Centro. Sem contar outros R$ 150 mil de recursos pr\u00f3prios investidos nos \u00faltimos meses para a reposi\u00e7\u00e3o de telhas e requalifica\u00e7\u00e3o do estacionamento, que ser\u00e1 transferido para \u00e1rea coberta e contar\u00e1 com mais vagas.<\/p>\n\n\n\n<p>Constru\u00eddo a partir da d\u00e9cada de 1890 pela Companhia Paulista de Estradas de Ferro e incorporado \u00e0 Ferrovia Paulista S\/A na d\u00e9cada de 1970, o Complexo Fepasa foi adquirido pela Prefeitura de Jundia\u00ed no ano 2001 ap\u00f3s a fal\u00eancia da empresa e a privatiza\u00e7\u00e3o da malha ferrovi\u00e1ria.<\/p>\n\n\n\n<figure class=\"wp-block-image size-large\"><img loading=\"lazy\" decoding=\"async\" width=\"968\" height=\"960\" src=\"https:\/\/tvtecjundiai.com.br\/news\/wp-content\/uploads\/sites\/2\/2021\/05\/card_final_antes_depois_complexo-968x960.png\" alt=\"\" class=\"wp-image-75443\" srcset=\"https:\/\/tvtecjundiai.com.br\/news\/wp-content\/uploads\/sites\/2\/2021\/05\/card_final_antes_depois_complexo-968x960.png 968w, https:\/\/tvtecjundiai.com.br\/news\/wp-content\/uploads\/sites\/2\/2021\/05\/card_final_antes_depois_complexo-300x298.png 300w, https:\/\/tvtecjundiai.com.br\/news\/wp-content\/uploads\/sites\/2\/2021\/05\/card_final_antes_depois_complexo-100x100.png 100w, https:\/\/tvtecjundiai.com.br\/news\/wp-content\/uploads\/sites\/2\/2021\/05\/card_final_antes_depois_complexo-768x762.png 768w, https:\/\/tvtecjundiai.com.br\/news\/wp-content\/uploads\/sites\/2\/2021\/05\/card_final_antes_depois_complexo.png 1280w\" sizes=\"auto, (max-width: 968px) 100vw, 968px\" \/><\/figure>\n\n\n\n<p>Com a transfer\u00eancia da Unidade de Gest\u00e3o de Cultura (UGC) para o local em 2017, in\u00fameras foram as melhorias j\u00e1 realizadas, como manuten\u00e7\u00f5es em geral, elimina\u00e7\u00e3o de focos de dengue e roedores, instala\u00e7\u00e3o de ilumina\u00e7\u00e3o e c\u00e2meras de monitoramento, fechamento de ingressos, reposi\u00e7\u00e3o de telhas e vidros, al\u00e9m da triagem e retirada de toneladas de lixo acumulado e inserv\u00edvel. Tamb\u00e9m foram revitalizadas salas para uso de artistas e demais trabalhadores de Cultura e foi criada a Sala Jundia\u00ed para a realiza\u00e7\u00e3o de pequenos espet\u00e1culos e exposi\u00e7\u00f5es.<\/p>\n\n\n\n<p><em>(Texto\/Imagem: Prefeitura de Jundia\u00ed)<\/em><\/p>\n","protected":false},"excerpt":{"rendered":"<p>Todo cidad\u00e3o pode em sua declara\u00e7\u00e3o garantir de 3% a 6% do valor total devido para revitaliza\u00e7\u00e3o do Complexo<\/p>\n","protected":false},"author":28,"featured_media":75444,"comment_status":"closed","ping_status":"closed","sticky":false,"template":"","format":"standard","meta":{"footnotes":""},"categories":[8356,1],"tags":[],"class_list":["post-75441","post","type-post","status-publish","format-standard","has-post-thumbnail","hentry","category-jundiai","category-noticias"],"_links":{"self":[{"href":"https:\/\/tvtecjundiai.com.br\/news\/wp-json\/wp\/v2\/posts\/75441","targetHints":{"allow":["GET"]}}],"collection":[{"href":"https:\/\/tvtecjundiai.com.br\/news\/wp-json\/wp\/v2\/posts"}],"about":[{"href":"https:\/\/tvtecjundiai.com.br\/news\/wp-json\/wp\/v2\/types\/post"}],"author":[{"embeddable":true,"href":"https:\/\/tvtecjundiai.com.br\/news\/wp-json\/wp\/v2\/users\/28"}],"replies":[{"embeddable":true,"href":"https:\/\/tvtecjundiai.com.br\/news\/wp-json\/wp\/v2\/comments?post=75441"}],"version-history":[{"count":1,"href":"https:\/\/tvtecjundiai.com.br\/news\/wp-json\/wp\/v2\/posts\/75441\/revisions"}],"predecessor-version":[{"id":75445,"href":"https:\/\/tvtecjundiai.com.br\/news\/wp-json\/wp\/v2\/posts\/75441\/revisions\/75445"}],"wp:featuredmedia":[{"embeddable":true,"href":"https:\/\/tvtecjundiai.com.br\/news\/wp-json\/wp\/v2\/media\/75444"}],"wp:attachment":[{"href":"https:\/\/tvtecjundiai.com.br\/news\/wp-json\/wp\/v2\/media?parent=75441"}],"wp:term":[{"taxonomy":"category","embeddable":true,"href":"https:\/\/tvtecjundiai.com.br\/news\/wp-json\/wp\/v2\/categories?post=75441"},{"taxonomy":"post_tag","embeddable":true,"href":"https:\/\/tvtecjundiai.com.br\/news\/wp-json\/wp\/v2\/tags?post=75441"}],"curies":[{"name":"wp","href":"https:\/\/api.w.org\/{rel}","templated":true}]}}