{"id":75449,"date":"2021-05-07T17:59:44","date_gmt":"2021-05-07T20:59:44","guid":{"rendered":"https:\/\/tvtecjundiai.com.br\/news\/?p=75449"},"modified":"2021-05-07T17:59:44","modified_gmt":"2021-05-07T20:59:44","slug":"decreto-amplia-horario-de-funcionamento-do-comercio-ate-21h-em-jundiai","status":"publish","type":"post","link":"https:\/\/tvtecjundiai.com.br\/news\/2021\/05\/07\/decreto-amplia-horario-de-funcionamento-do-comercio-ate-21h-em-jundiai\/","title":{"rendered":"Decreto amplia hor\u00e1rio de funcionamento do com\u00e9rcio at\u00e9 21h em Jundia\u00ed"},"content":{"rendered":"\n<p>Jundia\u00ed publicou nesta sexta-feira (07) um decreto que permite a amplia\u00e7\u00e3o do hor\u00e1rio de funcionamento de com\u00e9rcios de rua, podendo funcionar a partir das 6h e com prazo m\u00e1ximo de fechamento at\u00e9 as 21h. As altera\u00e7\u00f5es come\u00e7am neste s\u00e1bado (8).<\/p>\n\n\n\n<p><strong>Veja como fica o hor\u00e1rio das atividades comerciais:<\/strong><\/p>\n\n\n\n<ul class=\"wp-block-list\"><li>Com\u00e9rcio de rua: das 06h \u00e0s 21h;<\/li><li>Shoppings centers: das 10h \u00e0s 22h;<\/li><li>Atividades religiosas individuais e coletivas: com restri\u00e7\u00f5es de protocolos sanit\u00e1rios para o setor;<\/li><li>Atividades de presta\u00e7\u00e3o de servi\u00e7os em geral: das 06h \u00e0s 21h;<\/li><li>Restaurantes, similares, padarias, bares e buffets com fun\u00e7\u00e3o de restaurante: das 06h \u00e0s 21h;\u00a0<\/li><li>Sal\u00e3o de beleza e barbearia: das 06h \u00e0s 21h;<\/li><li>Atividades culturais: das 06h \u00e0s 21h;\u00a0<\/li><li>Academias: das 6h \u00e0s 21h;<\/li><li>Clubes: das 6h \u00e0s 21h, vedadas as atividades coletivas.<\/li><\/ul>\n\n\n\n<figure class=\"wp-block-image size-large\"><img loading=\"lazy\" decoding=\"async\" width=\"1200\" height=\"801\" src=\"https:\/\/tvtecjundiai.com.br\/news\/wp-content\/uploads\/sites\/2\/2021\/05\/jardim_botanico-51-1280x854-1-1200x801.jpg\" alt=\"\" class=\"wp-image-75450\" srcset=\"https:\/\/tvtecjundiai.com.br\/news\/wp-content\/uploads\/sites\/2\/2021\/05\/jardim_botanico-51-1280x854-1-1200x801.jpg 1200w, https:\/\/tvtecjundiai.com.br\/news\/wp-content\/uploads\/sites\/2\/2021\/05\/jardim_botanico-51-1280x854-1-300x200.jpg 300w, https:\/\/tvtecjundiai.com.br\/news\/wp-content\/uploads\/sites\/2\/2021\/05\/jardim_botanico-51-1280x854-1-768x512.jpg 768w, https:\/\/tvtecjundiai.com.br\/news\/wp-content\/uploads\/sites\/2\/2021\/05\/jardim_botanico-51-1280x854-1.jpg 1280w\" sizes=\"auto, (max-width: 1200px) 100vw, 1200px\" \/><figcaption>Jardim Bot\u00e2nico \u00e9 um dos parques municipais em funcionamento, das 7h \u00e0s 16h para entrada dos usu\u00e1rios, e fechamento at\u00e9 as 17h<\/figcaption><\/figure>\n\n\n\n<p><strong>Parques e equipamentos p\u00fablicos continuam a funcionar no mesmo hor\u00e1rio, das 7h \u00e0s 16h para entrada dos usu\u00e1rios, e fechamento at\u00e9 as 17h, de segunda-feira a domingo. Veja quais est\u00e3o em funcionamento:<\/strong><\/p>\n\n\n\n<ul class=\"wp-block-list\"><li>Jardim Bot\u00e2nico;<\/li><li>Mundo das Crian\u00e7as;<\/li><li>Parque Bot\u00e2nico Eloy Chaves;<\/li><li>Parque \u00c2ngelo Costa \u2013 Engordadouro;<\/li><li>Parque Ant\u00f4nio Garcia Machado \u2013 Jardim do Lago;<\/li><li>Parque da Cidade (inclusive para atividades no Centro N\u00e1utico e nas pistas de aeromodelismo, automobilismo e quadras de esporte coletivos, sem aglomera\u00e7\u00e3o);<\/li><li>Pra\u00e7a Fam\u00edlia Jundia\u00ed &amp; Espa\u00e7o PET 9 de Julho;<\/li><li>Pra\u00e7a Fam\u00edlia Jundia\u00ed &amp; Espa\u00e7o PET Vila Rami;<\/li><li>Pra\u00e7a Fam\u00edlia Jundia\u00ed &amp; Espa\u00e7o PET Ponte S\u00e3o Jo\u00e3o;<\/li><li>Bosque Onofre Canedo \u2013 Almerinda Chaves;<\/li><li>Bosque Jardim Copacabana;<\/li><li>Complexo Educacional, Cultural e Esportivo Dr. Nicolino de Lucca (Bol\u00e3o) (de segunda a sexta-feira, das 07h \u00e0s 19h, e aos s\u00e1bados e domingo, das 7h \u00e0s 18h, a partir deste s\u00e1bado);<\/li><li>Complexo Educacional, Cultural e Esportivo Helena Cestari \u2013 Vila Comercial (de segunda a sexta-feira, das 7h \u00e0s 16h, a partir de segunda-feira);<\/li><li>Complexo Educacional, Cultural e Esportivo Vanderlei Sperandio \u2013 Santa Gertrudes (de segunda a sexta-feira, das 7h \u00e0s 16h, a partir de segunda-feira).<\/li><\/ul>\n\n\n\n<p>Ficam vedadas atividades coletivas nos parques e equipamentos p\u00fablicos, que s\u00f3 poder\u00e3o ser utilizados para atividades f\u00edsicas individuais de corrida, caminhada e ciclismo em \u00e1reas ao ar livre, pistas de corrida e ciclovias, levando em conta os protocolos sanit\u00e1rios.<\/p>\n\n\n\n<p><em>(Texto\/Imagem: Prefeitura de Jundia\u00ed)<\/em><\/p>\n","protected":false},"excerpt":{"rendered":"<p>Decreto publicada nesta sexta-feira (07) permite amplia\u00e7\u00e3o do hor\u00e1rio de funcionamento de com\u00e9rcios de rua<\/p>\n","protected":false},"author":28,"featured_media":75450,"comment_status":"closed","ping_status":"closed","sticky":false,"template":"","format":"standard","meta":{"footnotes":""},"categories":[8356,1],"tags":[],"class_list":["post-75449","post","type-post","status-publish","format-standard","has-post-thumbnail","hentry","category-jundiai","category-noticias"],"_links":{"self":[{"href":"https:\/\/tvtecjundiai.com.br\/news\/wp-json\/wp\/v2\/posts\/75449","targetHints":{"allow":["GET"]}}],"collection":[{"href":"https:\/\/tvtecjundiai.com.br\/news\/wp-json\/wp\/v2\/posts"}],"about":[{"href":"https:\/\/tvtecjundiai.com.br\/news\/wp-json\/wp\/v2\/types\/post"}],"author":[{"embeddable":true,"href":"https:\/\/tvtecjundiai.com.br\/news\/wp-json\/wp\/v2\/users\/28"}],"replies":[{"embeddable":true,"href":"https:\/\/tvtecjundiai.com.br\/news\/wp-json\/wp\/v2\/comments?post=75449"}],"version-history":[{"count":1,"href":"https:\/\/tvtecjundiai.com.br\/news\/wp-json\/wp\/v2\/posts\/75449\/revisions"}],"predecessor-version":[{"id":75451,"href":"https:\/\/tvtecjundiai.com.br\/news\/wp-json\/wp\/v2\/posts\/75449\/revisions\/75451"}],"wp:featuredmedia":[{"embeddable":true,"href":"https:\/\/tvtecjundiai.com.br\/news\/wp-json\/wp\/v2\/media\/75450"}],"wp:attachment":[{"href":"https:\/\/tvtecjundiai.com.br\/news\/wp-json\/wp\/v2\/media?parent=75449"}],"wp:term":[{"taxonomy":"category","embeddable":true,"href":"https:\/\/tvtecjundiai.com.br\/news\/wp-json\/wp\/v2\/categories?post=75449"},{"taxonomy":"post_tag","embeddable":true,"href":"https:\/\/tvtecjundiai.com.br\/news\/wp-json\/wp\/v2\/tags?post=75449"}],"curies":[{"name":"wp","href":"https:\/\/api.w.org\/{rel}","templated":true}]}}