{"id":75477,"date":"2021-05-09T14:23:34","date_gmt":"2021-05-09T17:23:34","guid":{"rendered":"https:\/\/tvtecjundiai.com.br\/news\/?p=75477"},"modified":"2021-05-09T14:23:34","modified_gmt":"2021-05-09T17:23:34","slug":"covid-19-jundiai-abre-agendamento-para-gestantes-puerperas-e-pessoas-com-comorbidades","status":"publish","type":"post","link":"https:\/\/tvtecjundiai.com.br\/news\/2021\/05\/09\/covid-19-jundiai-abre-agendamento-para-gestantes-puerperas-e-pessoas-com-comorbidades\/","title":{"rendered":"COVID-19: Jundia\u00ed abre agendamento para gestantes, pu\u00e9rperas e pessoas com comorbidades"},"content":{"rendered":"\n<p>Al\u00e9m de disponibilizar 6.600 doses de vacina contra a COVID-19 em oito postos de vacina\u00e7\u00e3o neste s\u00e1bado (8), a Unidade de Gest\u00e3o de Promo\u00e7\u00e3o da Sa\u00fade (UGPS) fez a retirada de 10.466 doses no Departamento Regional de Sa\u00fade (DRS), em Campinas, que ser\u00e3o destinadas para pessoas com comorbidades, gestantes e segunda dose de educadores. O agendamento ser\u00e1 escalonado e aberto na pr\u00f3xima semana.<\/p>\n\n\n\n<p>A abertura da vacina\u00e7\u00e3o para os novos grupos segue o Plano Estadual de Imuniza\u00e7\u00e3o (PEI). Na ter\u00e7a-feira (11), ser\u00e1 aberto via CAC 4531-8670 o agendamento para pessoas com idade a partir de 18 anos dentro dos grupos: gestantes e pu\u00e9rperas com comorbidades, transplantados de medula \u00f3ssea ou \u00f3rg\u00e3os s\u00f3lidos imunossuprimidos, s\u00edndrome de down, pessoas com defici\u00eancia permanente cadastradas no BPC (Benef\u00edcio de Presta\u00e7\u00e3o Continuada). A aplica\u00e7\u00e3o dessas doses ser\u00e1 em Unidades B\u00e1sicas de Sa\u00fade.<\/p>\n\n\n\n<p>\u00c0s 16 horas da ter\u00e7a-feira (11), o agendamento ser\u00e1 aberto via site e app para pessoas com comorbidades (confira a lista abaixo), com idade entre 55 a 59 anos.<\/p>\n\n\n\n<p>Pessoas em tratamento de hemodi\u00e1lise e di\u00e1lise peritonial com mais de 18 anos ser\u00e3o vacinadas nas cl\u00ednicas de di\u00e1lise.<\/p>\n\n\n\n<div class=\"wp-block-image\"><figure class=\"aligncenter size-large\"><img loading=\"lazy\" decoding=\"async\" width=\"1200\" height=\"800\" src=\"https:\/\/tvtecjundiai.com.br\/news\/wp-content\/uploads\/sites\/2\/2021\/05\/chegada_vacina_covid-62-1200x800.jpeg\" alt=\"\" class=\"wp-image-75478\" srcset=\"https:\/\/tvtecjundiai.com.br\/news\/wp-content\/uploads\/sites\/2\/2021\/05\/chegada_vacina_covid-62-1200x800.jpeg 1200w, https:\/\/tvtecjundiai.com.br\/news\/wp-content\/uploads\/sites\/2\/2021\/05\/chegada_vacina_covid-62-300x200.jpeg 300w, https:\/\/tvtecjundiai.com.br\/news\/wp-content\/uploads\/sites\/2\/2021\/05\/chegada_vacina_covid-62-768x512.jpeg 768w, https:\/\/tvtecjundiai.com.br\/news\/wp-content\/uploads\/sites\/2\/2021\/05\/chegada_vacina_covid-62.jpeg 1280w\" sizes=\"auto, (max-width: 1200px) 100vw, 1200px\" \/><figcaption>Vacinas foram retiradas na tarde de s\u00e1bado (08)<\/figcaption><\/figure><\/div>\n\n\n\n<p>A enfermeira da Vigil\u00e2ncia Epidemiol\u00f3gica, Maria do Carmo Possidente, informa que \u00e9 preciso estar atento aos comprovantes necess\u00e1rios que devem ser apresentados. \u201cPessoas com comorbidades, gestantes e pu\u00e9rperas dever\u00e3o apresentar relat\u00f3rio m\u00e9dico com CID ou descri\u00e7\u00e3o da doen\u00e7a, ou receita m\u00e9dica, com data dos \u00faltimos seis meses, ou exame que comprove a comorbidade\u201d, explica.<\/p>\n\n\n\n<p><strong>Comorbidades<\/strong><\/p>\n\n\n\n<p>Poder\u00e3o receber a vacina\u00e7\u00e3o pessoas com as comorbidades listadas abaixo:<\/p>\n\n\n\n<ul class=\"wp-block-list\"><li>Diabetes mellitus \u2013 Qualquer pessoa com diabetes.<\/li><li>Pneumopatias cr\u00f4nicas graves \u2013 Indiv\u00edduos com pneumopatias graves incluindo doen\u00e7a pulmonar obstrutiva cr\u00f4nica, fibrose c\u00edstica, fibroses pulmonares, pneumoconioses, displasia broncopulmonar e asma grave (uso recorrente de cortic\u00f3ides sist\u00eamicos, interna\u00e7\u00e3o pr\u00e9via por crise asm\u00e1tica).<\/li><li>Hipertens\u00e3o Arterial Resistente (HAR) \u2013 HAR= Quando a press\u00e3o arterial (PA) permanece acima das metas recomendadas com o uso de tr\u00eas ou mais anti-hipertensivos de diferentes classes, em doses m\u00e1ximas preconizadas e toleradas, administradas com frequ\u00eancia, dosagem apropriada e comprovada ades\u00e3o ou PA controlada em uso de quatro ou mais f\u00e1rmacos anti-hipertensivos.<\/li><li>Hipertens\u00e3o arterial est\u00e1gio 3 \u2013 PA sist\u00f3lica \u2265 180mmHg e\/ou diast\u00f3lica \u2265 110mmHg independente da presen\u00e7a de les\u00e3o em \u00f3rg\u00e3o-alvo (LOA) ou comorbidade.<\/li><li>Hipertens\u00e3o arterial est\u00e1gios 1 e 2 com les\u00e3o em \u00f3rg\u00e3o-alvo e\/ou comorbidade \u2013 PA sist\u00f3lica entre 140e 179mmHG e\/ou diast\u00f3lica entre 90 e 109mmHg na presen\u00e7a de les\u00e3o em \u00f3rg\u00e3o-alvo e\/ou comorbidade.<\/li><\/ul>\n\n\n\n<div class=\"wp-block-image\"><figure class=\"aligncenter size-large\"><img loading=\"lazy\" decoding=\"async\" width=\"1200\" height=\"800\" src=\"https:\/\/tvtecjundiai.com.br\/news\/wp-content\/uploads\/sites\/2\/2021\/05\/chegada_vacina_covid-94-1200x800.jpeg\" alt=\"\" class=\"wp-image-75479\" srcset=\"https:\/\/tvtecjundiai.com.br\/news\/wp-content\/uploads\/sites\/2\/2021\/05\/chegada_vacina_covid-94-1200x800.jpeg 1200w, https:\/\/tvtecjundiai.com.br\/news\/wp-content\/uploads\/sites\/2\/2021\/05\/chegada_vacina_covid-94-300x200.jpeg 300w, https:\/\/tvtecjundiai.com.br\/news\/wp-content\/uploads\/sites\/2\/2021\/05\/chegada_vacina_covid-94-768x512.jpeg 768w, https:\/\/tvtecjundiai.com.br\/news\/wp-content\/uploads\/sites\/2\/2021\/05\/chegada_vacina_covid-94.jpeg 1280w\" sizes=\"auto, (max-width: 1200px) 100vw, 1200px\" \/><figcaption>Agendamento ser\u00e1 aberto em dois dias e ser\u00e1 feito pelo site e APP da Prefeitura<\/figcaption><\/figure><\/div>\n\n\n\n<p><strong>Doen\u00e7as Cardiovasculares<\/strong><\/p>\n\n\n\n<ul class=\"wp-block-list\"><li>Insufici\u00eancia card\u00edaca (IC) \u2013 IC com fra\u00e7\u00e3o de eje\u00e7\u00e3o reduzida, intermedi\u00e1ria ou preservada; em est\u00e1gios B, C, ou D, independente de classe funcional de NEW York Heart Association.<\/li><li>Cor-pulmonale e Hipertens\u00e3o pulmonar \u2013 Cor-pulmonale cr\u00f4nico, hipertens\u00e3o pulmonar prim\u00e1ria ou secund\u00e1ria.<\/li><li>Cardiopatia hipertensiva \u2013 Cardidiopatia hipertensiva (hipertrofia ventricular esquerda ou dilata\u00e7\u00e3o, sobrecarga atrial e ventricular, disfun\u00e7\u00e3o diast\u00f3lica e\/ou sist\u00f3lica, les\u00f5es em outros \u00f3rg\u00e3os-alvo).<\/li><li>S\u00edndromes coronarianas \u2013 S\u00edndromes coronarianas cr\u00f4nicas (Angina Pectoris est\u00e1vel, cardiopatia isqu\u00eamica, p\u00f3s Infarto Agudo do Mioc\u00e1rdio, outras).<\/li><li>Valvopatias \u2013 Les\u00f5es valvares com repercuss\u00e3o hemodin\u00e2mica ou sist\u00eamica ou com comprometimento mioc\u00e1rdico (estenose ou insufici\u00eancia a\u00f3rtica; estenose ou insufici\u00eancia mitral; estenose ou insufici\u00eancia pulmonar; estenose ou insufici\u00eancia tric\u00faspide, e outras).<\/li><li>Miocardiopatias e Pericardiopatias \u2013 Miocardiopatias de quaiquer etiologias ou fen\u00f3tipos; pericardite cr\u00f4nica; cardiopatia reum\u00e1tica.<\/li><li>Doen\u00e7as da Aorta, dos Grandes Vasos e F\u00edstulas arteriovenosas \u2013 Aneurismas, dissec\u00e7\u00f5es, hematomas da aorta e demais grandes vasos.<\/li><li>Arritimias card\u00edacas \u2013 Arritimias card\u00edacas com import\u00e2ncia cl\u00ednica e\/ou cardiopatia associada (fibrila\u00e7\u00e3o e flutter atriais; e outras).<\/li><li>Cardiopatias cong\u00eanitas no adulto \u2013 Cardiopatis cong\u00eanitas com repercuss\u00e3o hemodin\u00e2mica, crises hipox\u00eamicas; insufici\u00eancia card\u00edaca; arritmias; comprometimento mioc\u00e1rdico..<\/li><li>Pr\u00f3teses valvares e Dispositivos card\u00edacos implantados \u2013 Portadores de pr\u00f3teses valvares biol\u00f3gicas ou mec\u00e2nicas; e dispositivos card\u00edacos implantados (marca-passos, c\u00e1rdio desfibriladores, ressincronizadores, assist\u00eancia circulat\u00f3ria de m\u00e9dia e longa perman\u00eancia).<\/li><li>Doen\u00e7a cerebrovascular \u2013 Acidente vascular cerebral isqu\u00eamico ou hemorr\u00e1gico; ataque isqu\u00eamico transit\u00f3rio; dem\u00eancia vascular.<\/li><li>Doen\u00e7a renal cr\u00f4nica \u2013 Doen\u00e7a renal cr\u00f4nica est\u00e1gio 3 ou mais (taxa de filtra\u00e7\u00e3o glomerular &lt; 60 ml\/min\/1,73 m2) e\/ou s\u00edndrome nefr\u00f3tica..<\/li><li>Imunossuprimidos \u2013 Indiv\u00edduos transplantados de \u00f3rg\u00e3o s\u00f3lido ou de medula \u00f3ssea; pessoas vivendo com HIV; doen\u00e7as reum\u00e1ticas imunomediadas sist\u00eamicas em atividade e em uso de dose de prednisona ou equivalente &gt; 10mg\/dia ou recebendo pulsoterapia com cortic\u00f3ide e\/ou ciclofosfamida; demais indiv\u00edduos em uso de imunossupressores ou com imunodefici\u00eancias prim\u00e1rias; pacientes oncol\u00f3gicos que realizaram tratamento quimioter\u00e1pico ou radioter\u00e1pico nos \u00faltimos 6 meses; neoplasias hematol\u00f3gicas..<\/li><li>Hemoglobinopatias\u00a0 graves \u2013 Doen\u00e7a falciforme e talassemia maior.<\/li><li>Obesidade m\u00f3rbida \u2013 \u00cdndice de massa corp\u00f3rea (IMC) \u2265 40.<\/li><li>Cirrose hep\u00e1tica \u2013 Cirrose hep\u00e1tica Child-Pugh A, B ou C.<\/li><\/ul>\n\n\n\n<p><em>(Fonte\/Imagem: Prefeitura de Jundia\u00ed)<\/em><\/p>\n","protected":false},"excerpt":{"rendered":"<p>\u00c0s 16h da ter\u00e7a (11), o agendamento ser\u00e1 aberto para pessoas com comorbidades<\/p>\n","protected":false},"author":25,"featured_media":75479,"comment_status":"closed","ping_status":"closed","sticky":false,"template":"","format":"standard","meta":{"footnotes":""},"categories":[1,2839],"tags":[],"class_list":["post-75477","post","type-post","status-publish","format-standard","has-post-thumbnail","hentry","category-noticias","category-saude"],"_links":{"self":[{"href":"https:\/\/tvtecjundiai.com.br\/news\/wp-json\/wp\/v2\/posts\/75477","targetHints":{"allow":["GET"]}}],"collection":[{"href":"https:\/\/tvtecjundiai.com.br\/news\/wp-json\/wp\/v2\/posts"}],"about":[{"href":"https:\/\/tvtecjundiai.com.br\/news\/wp-json\/wp\/v2\/types\/post"}],"author":[{"embeddable":true,"href":"https:\/\/tvtecjundiai.com.br\/news\/wp-json\/wp\/v2\/users\/25"}],"replies":[{"embeddable":true,"href":"https:\/\/tvtecjundiai.com.br\/news\/wp-json\/wp\/v2\/comments?post=75477"}],"version-history":[{"count":1,"href":"https:\/\/tvtecjundiai.com.br\/news\/wp-json\/wp\/v2\/posts\/75477\/revisions"}],"predecessor-version":[{"id":75480,"href":"https:\/\/tvtecjundiai.com.br\/news\/wp-json\/wp\/v2\/posts\/75477\/revisions\/75480"}],"wp:featuredmedia":[{"embeddable":true,"href":"https:\/\/tvtecjundiai.com.br\/news\/wp-json\/wp\/v2\/media\/75479"}],"wp:attachment":[{"href":"https:\/\/tvtecjundiai.com.br\/news\/wp-json\/wp\/v2\/media?parent=75477"}],"wp:term":[{"taxonomy":"category","embeddable":true,"href":"https:\/\/tvtecjundiai.com.br\/news\/wp-json\/wp\/v2\/categories?post=75477"},{"taxonomy":"post_tag","embeddable":true,"href":"https:\/\/tvtecjundiai.com.br\/news\/wp-json\/wp\/v2\/tags?post=75477"}],"curies":[{"name":"wp","href":"https:\/\/api.w.org\/{rel}","templated":true}]}}