{"id":75481,"date":"2021-05-09T15:45:18","date_gmt":"2021-05-09T18:45:18","guid":{"rendered":"https:\/\/tvtecjundiai.com.br\/news\/?p=75481"},"modified":"2021-05-09T15:45:18","modified_gmt":"2021-05-09T18:45:18","slug":"prefeitura-prepara-plataforma-digital-de-negocios-emprego-e-inovacao","status":"publish","type":"post","link":"https:\/\/tvtecjundiai.com.br\/news\/2021\/05\/09\/prefeitura-prepara-plataforma-digital-de-negocios-emprego-e-inovacao\/","title":{"rendered":"Prefeitura prepara plataforma digital de neg\u00f3cios, emprego e inova\u00e7\u00e3o"},"content":{"rendered":"\n<p>Com foco em criar mais uma alternativa da retomada econ\u00f4mica, fomentar a gera\u00e7\u00e3o de emprego, renda, incentivar o empreendedorismo e atrair mais investimentos para a cidade, a Prefeitura de Jundia\u00ed prepara o lan\u00e7amento do novo portal Jundia\u00ed Empreendedora, uma plataforma digital voltada para empresas, com\u00e9rcio, prestadores de servi\u00e7os, Microempreendedores individuais e trabalhadores em geral.&nbsp;<\/p>\n\n\n\n<p>\u201cEssa \u00e9 mais uma iniciativa da Prefeitura na busca de fortalecer a economia local e a cria\u00e7\u00e3o de novas oportunidades de neg\u00f3cios, emprego e renda. A plataforma \u00e9 mais um investimento da Prefeitura visando a modernizar a infraestrutura econ\u00f4mica da cidade e torn\u00e1-la cada vez mais competitiva e tecnol\u00f3gica, no conceito de cidade inteligente\u201d, comenta o prefeito Luiz Fernando Machado.&nbsp;<\/p>\n\n\n\n<p>Idealizado pela&nbsp; Unidade de Gest\u00e3o de Desenvolvimento Econ\u00f4mico, Ci\u00eancia e Tecnologia (UGDECT), a plataforma contar\u00e1 com apresenta\u00e7\u00e3o de forma pr\u00e1tica, r\u00e1pida e simplificada de todos os servi\u00e7os oferecidos pela Prefeitura de Jundia\u00ed para o empreendedor, trabalhador, prestador de servi\u00e7os e empres\u00e1rio. A nova plataforma foi desenvolvida pela Cijun.<\/p>\n\n\n\n<p>Facilitar e agilizar a vida do trabalhador e do empres\u00e1rio \u00e9 um dos objetivos do Poder P\u00fablico segundo o gestor da UGDECT, Cristiano Lopes. \u201cO portal traz facilidades para toda a cadeia produtiva e a ferramenta vai possibilitar intera\u00e7\u00e3o entre todos. A ferramenta funcionar\u00e1 como um poupador de tempo dos neg\u00f3cios e ser\u00e1 muito \u00fatil para todos\u201d, afirma.&nbsp;<\/p>\n\n\n\n<p>Para o gestor de Governo e Finan\u00e7as, Jos\u00e9 Antonio Parimoschi, a ordem \u00e9 simplificar a m\u00e1quina p\u00fablica e agilizar a abertura de novos neg\u00f3cios e empregos. \u201cA ferramenta vai oferecer facilidades para toda a cadeia produtiva instalada no munic\u00edpio,\u00a0 especialmente para micros e pequenos empreendedores. \u00c9 uma oportunidade a mais para ajudar nesta fase de transi\u00e7\u00e3o da economia do pa\u00eds, que sofre com os reflexos da pandemia. Al\u00e9m disso, queremos ser mais competitivos na atra\u00e7\u00e3o de novas empresas para a cidade\u201d, destaca Parimoschi.\u00a0<\/p>\n\n\n\n<div class=\"wp-block-image\"><figure class=\"aligncenter size-large\"><img loading=\"lazy\" decoding=\"async\" width=\"1200\" height=\"786\" src=\"https:\/\/tvtecjundiai.com.br\/news\/wp-content\/uploads\/sites\/2\/2021\/05\/aerea_jundiai-1-1200x786.jpeg\" alt=\"\" class=\"wp-image-75482\" srcset=\"https:\/\/tvtecjundiai.com.br\/news\/wp-content\/uploads\/sites\/2\/2021\/05\/aerea_jundiai-1-1200x786.jpeg 1200w, https:\/\/tvtecjundiai.com.br\/news\/wp-content\/uploads\/sites\/2\/2021\/05\/aerea_jundiai-1-300x196.jpeg 300w, https:\/\/tvtecjundiai.com.br\/news\/wp-content\/uploads\/sites\/2\/2021\/05\/aerea_jundiai-1-768x503.jpeg 768w, https:\/\/tvtecjundiai.com.br\/news\/wp-content\/uploads\/sites\/2\/2021\/05\/aerea_jundiai-1.jpeg 1260w\" sizes=\"auto, (max-width: 1200px) 100vw, 1200px\" \/><figcaption>Jundia\u00ed empreendedora \u00e9 uma plataforma digital voltada para empresas, com\u00e9rcio, prestadores de servi\u00e7os, Microempreendedores individuais e trabalhadores em geral<\/figcaption><\/figure><\/div>\n\n\n\n<p><strong>O portal<\/strong><\/p>\n\n\n\n<p>A plataforma digital Jundia\u00ed Empreendedora ser\u00e1 dividida em quatro \u00e1reas: Meu Com\u00e9rcio, Empregabilidade, Apoio ao Empreendedor e Invista em Jundia\u00ed.<\/p>\n\n\n\n<p>Em Meu Com\u00e9rcio ser\u00e3o apresentadas as informa\u00e7\u00f5es sobre prestadores de servi\u00e7o, comerciantes e empreendedores da cidade, um espa\u00e7o para conectar o consumidor e o empreendedor, com o objetivo de incrementar o com\u00e9rcio local. A \u00e1rea de Empregabilidade englobar\u00e1 os servi\u00e7os do Posto de Atendimento ao Trabalhador (PAT). Aqui, as empresas podem oferecer vagas e os trabalhadores se cadastram para receber not\u00edcias e dicas sobre o tema. Tamb\u00e9m tem um link para o seguro desemprego.&nbsp;<\/p>\n\n\n\n<p>No Apoio ao Empreendedor, um passo a passo para se tornar um microempreendedor individual poder\u00e1 ser consultado, assim como cursos de capacita\u00e7\u00e3o, al\u00e9m de informa\u00e7\u00f5es sobre oferta de microcr\u00e9dito pelo Banco do Povo. E na \u00e1rea Invista em Jundia\u00ed ser\u00e1 poss\u00edvel acessar informa\u00e7\u00f5es e os principais indicadores&nbsp; sociais e econ\u00f4mico da cidade.&nbsp;<\/p>\n\n\n\n<p>Jundia\u00ed \u00e9 atualmente a 5\u00aa cidade do Estado e a 8\u00aa no ranking nacional mais qualificada para abrir um neg\u00f3cio, segundo estudo realizado pela Endeavor.<\/p>\n\n\n\n<p><em>(Fonte\/Imagem: Prefeitura de Jundia\u00ed)<\/em><\/p>\n","protected":false},"excerpt":{"rendered":"<p>acilitar e agilizar a vida do trabalhador e do empres\u00e1rio \u00e9 um dos objetivos do Poder P\u00fablico<\/p>\n","protected":false},"author":25,"featured_media":75482,"comment_status":"closed","ping_status":"closed","sticky":false,"template":"","format":"standard","meta":{"footnotes":""},"categories":[2834,1],"tags":[],"class_list":["post-75481","post","type-post","status-publish","format-standard","has-post-thumbnail","hentry","category-cidades","category-noticias"],"_links":{"self":[{"href":"https:\/\/tvtecjundiai.com.br\/news\/wp-json\/wp\/v2\/posts\/75481","targetHints":{"allow":["GET"]}}],"collection":[{"href":"https:\/\/tvtecjundiai.com.br\/news\/wp-json\/wp\/v2\/posts"}],"about":[{"href":"https:\/\/tvtecjundiai.com.br\/news\/wp-json\/wp\/v2\/types\/post"}],"author":[{"embeddable":true,"href":"https:\/\/tvtecjundiai.com.br\/news\/wp-json\/wp\/v2\/users\/25"}],"replies":[{"embeddable":true,"href":"https:\/\/tvtecjundiai.com.br\/news\/wp-json\/wp\/v2\/comments?post=75481"}],"version-history":[{"count":1,"href":"https:\/\/tvtecjundiai.com.br\/news\/wp-json\/wp\/v2\/posts\/75481\/revisions"}],"predecessor-version":[{"id":75483,"href":"https:\/\/tvtecjundiai.com.br\/news\/wp-json\/wp\/v2\/posts\/75481\/revisions\/75483"}],"wp:featuredmedia":[{"embeddable":true,"href":"https:\/\/tvtecjundiai.com.br\/news\/wp-json\/wp\/v2\/media\/75482"}],"wp:attachment":[{"href":"https:\/\/tvtecjundiai.com.br\/news\/wp-json\/wp\/v2\/media?parent=75481"}],"wp:term":[{"taxonomy":"category","embeddable":true,"href":"https:\/\/tvtecjundiai.com.br\/news\/wp-json\/wp\/v2\/categories?post=75481"},{"taxonomy":"post_tag","embeddable":true,"href":"https:\/\/tvtecjundiai.com.br\/news\/wp-json\/wp\/v2\/tags?post=75481"}],"curies":[{"name":"wp","href":"https:\/\/api.w.org\/{rel}","templated":true}]}}