{"id":75484,"date":"2021-05-09T15:48:42","date_gmt":"2021-05-09T18:48:42","guid":{"rendered":"https:\/\/tvtecjundiai.com.br\/news\/?p=75484"},"modified":"2021-05-09T15:55:13","modified_gmt":"2021-05-09T18:55:13","slug":"vacinacao-em-jundiai-segue-sem-interrupcao-com-organizacao-e-planejamento-1","status":"publish","type":"post","link":"https:\/\/tvtecjundiai.com.br\/news\/2021\/05\/09\/vacinacao-em-jundiai-segue-sem-interrupcao-com-organizacao-e-planejamento-1\/","title":{"rendered":"Jundia\u00ed j\u00e1 vacinou 17,4% da popula\u00e7\u00e3o contra a COVID-19"},"content":{"rendered":"\n<p>A vacina\u00e7\u00e3o contra a COVID-19 em Jundia\u00ed teve in\u00edcio em 21 de janeiro. Desde ent\u00e3o, o munic\u00edpio manteve a aplica\u00e7\u00e3o aos grupos sem interrup\u00e7\u00e3o no atendimento. Com planejamento, organiza\u00e7\u00e3o e efici\u00eancia a Prefeitura de Jundia\u00ed montou postos de vacina\u00e7\u00e3o em locais estrat\u00e9gicos para facilitar a popula\u00e7\u00e3o.<\/p>\n\n\n\n<p>Os locais contam com completa estrutura para aplica\u00e7\u00e3o de doses e o governo municipal solicita mais 7,5 mil doses para Governo do Estado para avan\u00e7ar com a imuniza\u00e7\u00e3o dos p\u00fablicos priorit\u00e1rios.&nbsp;<\/p>\n\n\n\n<p>\u201cOs profissionais da Sa\u00fade da Prefeitura de Jundia\u00ed se destacam e foram motivo de cita\u00e7\u00e3o elogiosa no Pal\u00e1cio dos Bandeirantes, em 2018, durante a campanha de vacina\u00e7\u00e3o contra a Febre Amarela. Jundia\u00ed tem know-how, tem estrutura e tem profissionais experientes para realizar a vacina\u00e7\u00e3o com qualidade e efici\u00eancia. Quanto mais vacinas recebermos, maior ser\u00e1 o avan\u00e7o da aplica\u00e7\u00e3o na cidade, de maneira r\u00e1pida e efetiva\u201d, comenta o prefeito Luiz Fernando Machado.&nbsp;<\/p>\n\n\n\n<p>Das doses recebidas por Jundia\u00ed, o maior lote foi entregue nesta semana, com mais de 24 mil doses \u2013 distribu\u00eddas entre primeira e segunda doses para os p\u00fablicos profissionais da Sa\u00fade, pessoas com 60 a 62 anos e educadores -, que ser\u00e3o aplicadas de acordo com escala publicada no portal da Prefeitura de Jundia\u00ed.\u00a0<\/p>\n\n\n\n<div class=\"wp-block-image\"><figure class=\"aligncenter size-large\"><img loading=\"lazy\" decoding=\"async\" width=\"1200\" height=\"800\" src=\"https:\/\/tvtecjundiai.com.br\/news\/wp-content\/uploads\/sites\/2\/2021\/05\/4cd4cfaa-46c6-4c6d-a509-ddd796e92af1-1200x800.jpeg\" alt=\"\" class=\"wp-image-75485\" srcset=\"https:\/\/tvtecjundiai.com.br\/news\/wp-content\/uploads\/sites\/2\/2021\/05\/4cd4cfaa-46c6-4c6d-a509-ddd796e92af1-1200x800.jpeg 1200w, https:\/\/tvtecjundiai.com.br\/news\/wp-content\/uploads\/sites\/2\/2021\/05\/4cd4cfaa-46c6-4c6d-a509-ddd796e92af1-300x200.jpeg 300w, https:\/\/tvtecjundiai.com.br\/news\/wp-content\/uploads\/sites\/2\/2021\/05\/4cd4cfaa-46c6-4c6d-a509-ddd796e92af1-768x512.jpeg 768w, https:\/\/tvtecjundiai.com.br\/news\/wp-content\/uploads\/sites\/2\/2021\/05\/4cd4cfaa-46c6-4c6d-a509-ddd796e92af1.jpeg 1280w\" sizes=\"auto, (max-width: 1200px) 100vw, 1200px\" \/><figcaption>Vacina\u00e7\u00e3o em Jundia\u00ed conta com organiza\u00e7\u00e3o, planejamento e efici\u00eancia<\/figcaption><\/figure><\/div>\n\n\n\n<p>Ao todo, a cidade j\u00e1 recebeu 141 mil doses e aplicou 116 mil entre primeira e segunda doses, o que corresponde a imuniza\u00e7\u00e3o de 17,4% da popula\u00e7\u00e3o, ou seja, que tem a autoriza\u00e7\u00e3o para a recep\u00e7\u00e3o de uma das doses, de acordo com informa\u00e7\u00f5es dos laborat\u00f3rios fabricantes dos imunizantes Astrazeneca e Coronavac, disponibilizados para Jundia\u00ed.&nbsp;&nbsp;<\/p>\n\n\n\n<p>Somente em pessoas com mais de 60 anos s\u00e3o estimadas 40,4 mil pessoas moradoras em Jundia\u00ed. Para esse p\u00fablico o munic\u00edpio recebeu 31,5 mil doses para a primeira aplica\u00e7\u00e3o, restando perto de 9 mil pessoas ainda no aguardo de nova entrega. A estimativa \u00e9 feita com a compara\u00e7\u00e3o de dados da Funda\u00e7\u00e3o Seade \u2013 proje\u00e7\u00e3o 2021 \u2013 com os n\u00fameros de pessoas agendadas e ou vacinadas em primeira dose de vacina contra a COVID-19.\u00a0<\/p>\n\n\n\n<div class=\"wp-block-image\"><figure class=\"aligncenter size-large\"><img loading=\"lazy\" decoding=\"async\" width=\"1200\" height=\"800\" src=\"https:\/\/tvtecjundiai.com.br\/news\/wp-content\/uploads\/sites\/2\/2021\/05\/481cee31-1dae-408c-b2f0-c3018d18d5f0-1200x800.jpeg\" alt=\"\" class=\"wp-image-75486\" srcset=\"https:\/\/tvtecjundiai.com.br\/news\/wp-content\/uploads\/sites\/2\/2021\/05\/481cee31-1dae-408c-b2f0-c3018d18d5f0-1200x800.jpeg 1200w, https:\/\/tvtecjundiai.com.br\/news\/wp-content\/uploads\/sites\/2\/2021\/05\/481cee31-1dae-408c-b2f0-c3018d18d5f0-300x200.jpeg 300w, https:\/\/tvtecjundiai.com.br\/news\/wp-content\/uploads\/sites\/2\/2021\/05\/481cee31-1dae-408c-b2f0-c3018d18d5f0-768x512.jpeg 768w, https:\/\/tvtecjundiai.com.br\/news\/wp-content\/uploads\/sites\/2\/2021\/05\/481cee31-1dae-408c-b2f0-c3018d18d5f0.jpeg 1280w\" sizes=\"auto, (max-width: 1200px) 100vw, 1200px\" \/><figcaption>Vacina\u00e7\u00e3o n\u00e3o teve interrup\u00e7\u00e3o<\/figcaption><\/figure><\/div>\n\n\n\n<p>Mesmo com a quantidade inferior ao necess\u00e1rio, a cidade, manteve a aplica\u00e7\u00e3o de doses diariamente, seja com sistema de drive-thru, postos fixos, pelas equipes das Unidades B\u00e1sicas de Sa\u00fade para os acamados e com mobilidade reduzida, al\u00e9m das vacina\u00e7\u00f5es nos equipamentos de Sa\u00fade, como os hospitais.&nbsp;<\/p>\n\n\n\n<p>\u201cNo \u00faltimo s\u00e1bado (8), foram reservadas mais de 6 mil doses para aplica\u00e7\u00e3o aos grupos priorit\u00e1rios. Mas, para contemplar toda a popula\u00e7\u00e3o das faixas et\u00e1rias que j\u00e1 anunciadas no Estado, a cidade precisa de mais 7,5 mil doses. O munic\u00edpio se movimenta em diversas frentes para ampliar a oferta, mas a prioriza\u00e7\u00e3o dos fabricantes \u00e9 atender demandas do Minist\u00e9rio da Sa\u00fade (MS), por isso a gest\u00e3o encaminhou of\u00edcio para o governo do Estado solicitando o complemento\u201d, comenta o gestor da Unidade de Gest\u00e3o de Promo\u00e7\u00e3o da Sa\u00fade (UGPS) Tiago Texera.<\/p>\n\n\n\n<p><em>(Fonte\/Imagem: Prefeitura de Jundia\u00ed)<\/em><\/p>\n","protected":false},"excerpt":{"rendered":"<p>Ao todo, a cidade j\u00e1 recebeu 141 mil doses e aplicou 116 mil entre primeira e segunda doses<\/p>\n","protected":false},"author":25,"featured_media":75485,"comment_status":"closed","ping_status":"closed","sticky":false,"template":"","format":"standard","meta":{"footnotes":""},"categories":[1],"tags":[],"class_list":["post-75484","post","type-post","status-publish","format-standard","has-post-thumbnail","hentry","category-noticias"],"_links":{"self":[{"href":"https:\/\/tvtecjundiai.com.br\/news\/wp-json\/wp\/v2\/posts\/75484","targetHints":{"allow":["GET"]}}],"collection":[{"href":"https:\/\/tvtecjundiai.com.br\/news\/wp-json\/wp\/v2\/posts"}],"about":[{"href":"https:\/\/tvtecjundiai.com.br\/news\/wp-json\/wp\/v2\/types\/post"}],"author":[{"embeddable":true,"href":"https:\/\/tvtecjundiai.com.br\/news\/wp-json\/wp\/v2\/users\/25"}],"replies":[{"embeddable":true,"href":"https:\/\/tvtecjundiai.com.br\/news\/wp-json\/wp\/v2\/comments?post=75484"}],"version-history":[{"count":2,"href":"https:\/\/tvtecjundiai.com.br\/news\/wp-json\/wp\/v2\/posts\/75484\/revisions"}],"predecessor-version":[{"id":75488,"href":"https:\/\/tvtecjundiai.com.br\/news\/wp-json\/wp\/v2\/posts\/75484\/revisions\/75488"}],"wp:featuredmedia":[{"embeddable":true,"href":"https:\/\/tvtecjundiai.com.br\/news\/wp-json\/wp\/v2\/media\/75485"}],"wp:attachment":[{"href":"https:\/\/tvtecjundiai.com.br\/news\/wp-json\/wp\/v2\/media?parent=75484"}],"wp:term":[{"taxonomy":"category","embeddable":true,"href":"https:\/\/tvtecjundiai.com.br\/news\/wp-json\/wp\/v2\/categories?post=75484"},{"taxonomy":"post_tag","embeddable":true,"href":"https:\/\/tvtecjundiai.com.br\/news\/wp-json\/wp\/v2\/tags?post=75484"}],"curies":[{"name":"wp","href":"https:\/\/api.w.org\/{rel}","templated":true}]}}