{"id":75489,"date":"2021-05-09T16:16:37","date_gmt":"2021-05-09T19:16:37","guid":{"rendered":"https:\/\/tvtecjundiai.com.br\/news\/?p=75489"},"modified":"2021-05-09T16:16:37","modified_gmt":"2021-05-09T19:16:37","slug":"escola-inovadora-educacao-de-boa-qualidade-e-essencial-no-conceito-de-cidade-inteligente","status":"publish","type":"post","link":"https:\/\/tvtecjundiai.com.br\/news\/2021\/05\/09\/escola-inovadora-educacao-de-boa-qualidade-e-essencial-no-conceito-de-cidade-inteligente\/","title":{"rendered":"Escola Inovadora: Educa\u00e7\u00e3o de boa qualidade \u00e9 essencial no conceito de cidade inteligente"},"content":{"rendered":"\n<p>Com o objetivo de atender aos conceitos de cidade inteligente, que conta com a promo\u00e7\u00e3o de investimentos em tecnologias para atra\u00e7\u00e3o de grandes empresas de ponta e a consequente amplia\u00e7\u00e3o de oferta de empregos qualificados, Jundia\u00ed oferece educa\u00e7\u00e3o de boa qualidade, para a forma\u00e7\u00e3o dos futuros profissionais, com recursos globais interconectados.<\/p>\n\n\n\n<p>\u201cO programa Escola Inovadora conecta-se a esse prop\u00f3sito de tornar Jundia\u00ed uma cidade do futuro. A educa\u00e7\u00e3o de boa qualidade aliada ao estudo da mem\u00f3ria da educa\u00e7\u00e3o municipal, \u00e0s propostas de educa\u00e7\u00e3o patrimonial e interligada \u00e0s pesquisas da inf\u00e2ncia, fazem a diferen\u00e7a na educa\u00e7\u00e3o inovadora, que tem foco no desenvolvimento do aluno e do futuro profissional criativo, potente e preparado para o mercado de trabalho que ir\u00e1 encontrar na Jundia\u00ed inteligente\u201d, argumenta o prefeito de Jundia\u00ed, Luiz Fernando Machado.&nbsp;<\/p>\n\n\n\n<p>Para preparar a atual gera\u00e7\u00e3o de alunos da rede municipal para esse futuro promissor, o munic\u00edpio conta com o Centro Internacional de Estudos, Mem\u00f3rias e Pesquisas da Inf\u00e2ncia, o CIEMPI, fruto de um projeto da Unidade de Gest\u00e3o de Educa\u00e7\u00e3o (UGE), em parceria com o NEPP-UNICAMP. Criado em 2018, o Centro dialoga com a rede mundial Cidade das Crian\u00e7as, com Urban95 e especialmente com a abordagem de Reggio Emilia, na It\u00e1lia, com a pedagogia da escuta.\u00a0<\/p>\n\n\n\n<div class=\"wp-block-image\"><figure class=\"aligncenter size-large\"><img loading=\"lazy\" decoding=\"async\" width=\"1200\" height=\"801\" src=\"https:\/\/tvtecjundiai.com.br\/news\/wp-content\/uploads\/sites\/2\/2021\/05\/visita_sesi_no_ciempi-244-1200x801.jpeg\" alt=\"\" class=\"wp-image-75490\" srcset=\"https:\/\/tvtecjundiai.com.br\/news\/wp-content\/uploads\/sites\/2\/2021\/05\/visita_sesi_no_ciempi-244-1200x801.jpeg 1200w, https:\/\/tvtecjundiai.com.br\/news\/wp-content\/uploads\/sites\/2\/2021\/05\/visita_sesi_no_ciempi-244-300x200.jpeg 300w, https:\/\/tvtecjundiai.com.br\/news\/wp-content\/uploads\/sites\/2\/2021\/05\/visita_sesi_no_ciempi-244-768x512.jpeg 768w, https:\/\/tvtecjundiai.com.br\/news\/wp-content\/uploads\/sites\/2\/2021\/05\/visita_sesi_no_ciempi-244.jpeg 1280w\" sizes=\"auto, (max-width: 1200px) 100vw, 1200px\" \/><figcaption>CIEMPI \u00e9 o primeiro centro internacional de mem\u00f3ria da inf\u00e2ncia do Brasil<\/figcaption><\/figure><\/div>\n\n\n\n<p>\u201cO CIEMPI \u00e9 o primeiro Centro no Brasil que consegue congregar tanto a quest\u00e3o da forma\u00e7\u00e3o permanente, como da relev\u00e2ncia e dos estudos do patrim\u00f4nio hist\u00f3rico, cultural, material e imaterial, tanto do pr\u00e9dio como da educa\u00e7\u00e3o da cidade. Por meio dele \u00e9 poss\u00edvel conectar o passado, as mem\u00f3rias com o futuro com as pesquisas da inf\u00e2ncia, de neuroci\u00eancia, de aprendizagem de inf\u00e2ncia potente, de cria\u00e7\u00e3o de novos contextos investigativos para as escolas e um trabalho de aperfei\u00e7oamento das a\u00e7\u00f5es para a educa\u00e7\u00e3o de qualidade em Jundia\u00ed\u201d, lembra a gestora de Educa\u00e7\u00e3o, Vast\u00ed Ferrari Marques.&nbsp;<\/p>\n\n\n\n<p>Ao mesmo tempo que preserva a mem\u00f3ria da educa\u00e7\u00e3o, Jundia\u00ed conta com o primeiro laborat\u00f3rio de alta tecnologia, o FabLab municipal, implementado em parceria com o Sesi e que est\u00e1 ligado \u00e0s estrat\u00e9gias de internacionaliza\u00e7\u00e3o da cidade e focado em oferecer \u00e0s crian\u00e7as formas inovadoras para aprender.&nbsp;<\/p>\n\n\n\n<p>Outro importante destaque \u00e9 o ensino de l\u00ednguas na rede municipal de ensino, que proporciona aos alunos o ingl\u00eas a partir dos quatro anos e atualmente incentiva os professores para as aulas de Franc\u00eas, Italiano e Espanhol no Centro de L\u00ednguas e Tecnologia. \u201cAl\u00e9m de oferecer o acesso a mais tr\u00eas idiomas, os profissionais de educa\u00e7\u00e3o poder\u00e3o trabalhar com a cultura dos pa\u00edses com seus alunos\u201d, explica Vast\u00ed.\u00a0<\/p>\n\n\n\n<div class=\"wp-block-image\"><figure class=\"aligncenter size-large\"><img loading=\"lazy\" decoding=\"async\" width=\"1200\" height=\"801\" src=\"https:\/\/tvtecjundiai.com.br\/news\/wp-content\/uploads\/sites\/2\/2021\/05\/desemparedamento_emeb_aparecida_merino_medeiros-127-1200x801.jpeg\" alt=\"\" class=\"wp-image-75491\" srcset=\"https:\/\/tvtecjundiai.com.br\/news\/wp-content\/uploads\/sites\/2\/2021\/05\/desemparedamento_emeb_aparecida_merino_medeiros-127-1200x801.jpeg 1200w, https:\/\/tvtecjundiai.com.br\/news\/wp-content\/uploads\/sites\/2\/2021\/05\/desemparedamento_emeb_aparecida_merino_medeiros-127-300x200.jpeg 300w, https:\/\/tvtecjundiai.com.br\/news\/wp-content\/uploads\/sites\/2\/2021\/05\/desemparedamento_emeb_aparecida_merino_medeiros-127-768x512.jpeg 768w, https:\/\/tvtecjundiai.com.br\/news\/wp-content\/uploads\/sites\/2\/2021\/05\/desemparedamento_emeb_aparecida_merino_medeiros-127.jpeg 1280w\" sizes=\"auto, (max-width: 1200px) 100vw, 1200px\" \/><figcaption>Aulas ao ar livre e em contato com a natureza s\u00e3o destaques internacionais<\/figcaption><\/figure><\/div>\n\n\n\n<p><strong>Desemparedamento tem destaque internacional<\/strong><\/p>\n\n\n\n<p>O reconhecimento de que o desemparedamento da inf\u00e2ncia, que preconiza as aulas ao ar livre e em contato com a natureza \u00e9 demonstrado pela indica\u00e7\u00e3o da cidade ao pr\u00eamio 2021 Global Mayors Challenge, da Funda\u00e7\u00e3o Bloomberg.&nbsp;<\/p>\n\n\n\n<p>A metodologia de trabalho desenvolvida por Jundia\u00ed, est\u00e1 alinhada aos indicadores para os Objetivos de Desenvolvimento Sustent\u00e1vel (ODS). \u201cO desemparedamento, que j\u00e1 foi destaque em grandes publica\u00e7\u00f5es brasileiras, incentiva e prop\u00f5e uma inf\u00e2ncia saud\u00e1vel, aliando aprendizagem ao compromisso da educa\u00e7\u00e3o de boa qualidade em Jundia\u00ed e de cuidado com as nossas crian\u00e7as\u201d, comenta o vice-prefeito de Jundia\u00ed, Gustavo Martinelli.<\/p>\n\n\n\n<p><em>(Fonte\/Imagem: Prefeitura de Jundia\u00ed)<\/em><\/p>\n","protected":false},"excerpt":{"rendered":"<p>Aulas ao ar livre e em contato com a natureza s\u00e3o destaques internacionais<\/p>\n","protected":false},"author":25,"featured_media":75135,"comment_status":"closed","ping_status":"closed","sticky":false,"template":"","format":"standard","meta":{"footnotes":""},"categories":[2828,1],"tags":[],"class_list":["post-75489","post","type-post","status-publish","format-standard","has-post-thumbnail","hentry","category-educacao","category-noticias"],"_links":{"self":[{"href":"https:\/\/tvtecjundiai.com.br\/news\/wp-json\/wp\/v2\/posts\/75489","targetHints":{"allow":["GET"]}}],"collection":[{"href":"https:\/\/tvtecjundiai.com.br\/news\/wp-json\/wp\/v2\/posts"}],"about":[{"href":"https:\/\/tvtecjundiai.com.br\/news\/wp-json\/wp\/v2\/types\/post"}],"author":[{"embeddable":true,"href":"https:\/\/tvtecjundiai.com.br\/news\/wp-json\/wp\/v2\/users\/25"}],"replies":[{"embeddable":true,"href":"https:\/\/tvtecjundiai.com.br\/news\/wp-json\/wp\/v2\/comments?post=75489"}],"version-history":[{"count":1,"href":"https:\/\/tvtecjundiai.com.br\/news\/wp-json\/wp\/v2\/posts\/75489\/revisions"}],"predecessor-version":[{"id":75492,"href":"https:\/\/tvtecjundiai.com.br\/news\/wp-json\/wp\/v2\/posts\/75489\/revisions\/75492"}],"wp:featuredmedia":[{"embeddable":true,"href":"https:\/\/tvtecjundiai.com.br\/news\/wp-json\/wp\/v2\/media\/75135"}],"wp:attachment":[{"href":"https:\/\/tvtecjundiai.com.br\/news\/wp-json\/wp\/v2\/media?parent=75489"}],"wp:term":[{"taxonomy":"category","embeddable":true,"href":"https:\/\/tvtecjundiai.com.br\/news\/wp-json\/wp\/v2\/categories?post=75489"},{"taxonomy":"post_tag","embeddable":true,"href":"https:\/\/tvtecjundiai.com.br\/news\/wp-json\/wp\/v2\/tags?post=75489"}],"curies":[{"name":"wp","href":"https:\/\/api.w.org\/{rel}","templated":true}]}}