{"id":75501,"date":"2021-05-10T09:26:35","date_gmt":"2021-05-10T12:26:35","guid":{"rendered":"https:\/\/tvtecjundiai.com.br\/news\/?p=75501"},"modified":"2021-05-10T09:26:35","modified_gmt":"2021-05-10T12:26:35","slug":"menino-de-4-anos-que-sonha-em-ser-policial-recebe-visita-surpresa-da-pm-em-jundiai","status":"publish","type":"post","link":"https:\/\/tvtecjundiai.com.br\/news\/2021\/05\/10\/menino-de-4-anos-que-sonha-em-ser-policial-recebe-visita-surpresa-da-pm-em-jundiai\/","title":{"rendered":"Menino de 4 anos que sonha em ser policial recebe visita surpresa da PM em Jundia\u00ed"},"content":{"rendered":"\n<p>Um menino de quatro anos recebeu uma visita inesperada da Pol\u00edcia Militar na tarde de segunda-feira (03), no bairro Jardim Ad\u00e9lia, em Jundia\u00ed.<\/p>\n\n\n\n<p>Desde que Jo\u00e3o Pedro tem dois anos, a m\u00e3e dele, Nanda Aparecida, escuta a mesma frase do pequeno: &#8220;Eu quero ser &#8216;pol\u00edcia'&#8221;.<\/p>\n\n\n\n<p>Ela contou que, h\u00e1 uns dias, o filho come\u00e7ou a pedir bastante para ver algum policial e at\u00e9 explicou a ela o motivo de gostar tanto da corpora\u00e7\u00e3o. &#8220;Eu quero prender todos os bandidos, m\u00e3e&#8221;, disse Jo\u00e3o Pedro.<\/p>\n\n\n\n<p>Com a insist\u00eancia do filho, Nanda ligou no 190 e conversou com uma policial. &#8220;Mo\u00e7a, eu acho que voc\u00eas v\u00e3o ter uma pequena ocorr\u00eancia, pequena porque ele \u00e9 crian\u00e7a&#8221;, brincou. A m\u00e3e comenta que a policial pegou o contato dela e disse que mandaria uma viatura para alegrar a tarde de Jo\u00e3o.<\/p>\n\n\n\n<p>Foi ent\u00e3o que a equipe apareceu na casa do menino. A m\u00e3e conta que, ao receber os policias, Jo\u00e3o saiu gritando e abra\u00e7ou a todos, dizendo que eram &#8220;seus amigos&#8221;.<\/p>\n\n\n\n<div class=\"wp-block-image\"><figure class=\"aligncenter size-large\"><img loading=\"lazy\" decoding=\"async\" width=\"984\" height=\"738\" src=\"https:\/\/tvtecjundiai.com.br\/news\/wp-content\/uploads\/sites\/2\/2021\/05\/menino-4-anos-policias.jpeg\" alt=\"\" class=\"wp-image-75502\" srcset=\"https:\/\/tvtecjundiai.com.br\/news\/wp-content\/uploads\/sites\/2\/2021\/05\/menino-4-anos-policias.jpeg 984w, https:\/\/tvtecjundiai.com.br\/news\/wp-content\/uploads\/sites\/2\/2021\/05\/menino-4-anos-policias-300x225.jpeg 300w, https:\/\/tvtecjundiai.com.br\/news\/wp-content\/uploads\/sites\/2\/2021\/05\/menino-4-anos-policias-768x576.jpeg 768w\" sizes=\"auto, (max-width: 984px) 100vw, 984px\" \/><figcaption>Menino de 4 anos que sonha em ser policial recebe visita surpresa da PM<\/figcaption><\/figure><\/div>\n\n\n\n<p>Jo\u00e3o contou o que achou do momento em que viu a equipe chegar \u00e0 casa dele. &#8220;Foi muito legal, eu gosto de pol\u00edcia.&#8221;<\/p>\n\n\n\n<p>A paix\u00e3o pela corpora\u00e7\u00e3o foi inesperada, pois a m\u00e3e conta que o bairro onde a fam\u00edlia mora \u00e9 bem tranquilo e ele n\u00e3o costuma presenciar a\u00e7\u00f5es de policiais. &#8220;Ele at\u00e9 bateu contin\u00eancia com os policiais, acho que aprendeu no YouTube, ele assiste muitos v\u00eddeos&#8221;, comenta.<\/p>\n\n\n\n<p>Os policiais tiraram muitas fotos e at\u00e9 marcaram um pr\u00f3ximo encontro, no dia do anivers\u00e1rio de cinco anos do pequeno, em 18 de julho. O tema da festa agora tamb\u00e9m ser\u00e1 pol\u00edcia.<\/p>\n\n\n\n<p>Al\u00e9m disso, um dos policiais combinou com a m\u00e3e de doar uma farda ao pequeno Jo\u00e3o no pr\u00f3ximo encontro e ficou de lev\u00e1-lo ao batalh\u00e3o um dia.<\/p>\n\n\n\n<p><em>(Fonte\/Imagem: G1)<\/em><\/p>\n","protected":false},"excerpt":{"rendered":"<p>Jo\u00e3o Pedro recebeu os policiais em sua casa ap\u00f3s a m\u00e3e ter ligado no 190 para marcar o encontro<\/p>\n","protected":false},"author":25,"featured_media":75502,"comment_status":"closed","ping_status":"closed","sticky":false,"template":"","format":"standard","meta":{"footnotes":""},"categories":[1,4739],"tags":[],"class_list":["post-75501","post","type-post","status-publish","format-standard","has-post-thumbnail","hentry","category-noticias","category-policia"],"_links":{"self":[{"href":"https:\/\/tvtecjundiai.com.br\/news\/wp-json\/wp\/v2\/posts\/75501","targetHints":{"allow":["GET"]}}],"collection":[{"href":"https:\/\/tvtecjundiai.com.br\/news\/wp-json\/wp\/v2\/posts"}],"about":[{"href":"https:\/\/tvtecjundiai.com.br\/news\/wp-json\/wp\/v2\/types\/post"}],"author":[{"embeddable":true,"href":"https:\/\/tvtecjundiai.com.br\/news\/wp-json\/wp\/v2\/users\/25"}],"replies":[{"embeddable":true,"href":"https:\/\/tvtecjundiai.com.br\/news\/wp-json\/wp\/v2\/comments?post=75501"}],"version-history":[{"count":1,"href":"https:\/\/tvtecjundiai.com.br\/news\/wp-json\/wp\/v2\/posts\/75501\/revisions"}],"predecessor-version":[{"id":75503,"href":"https:\/\/tvtecjundiai.com.br\/news\/wp-json\/wp\/v2\/posts\/75501\/revisions\/75503"}],"wp:featuredmedia":[{"embeddable":true,"href":"https:\/\/tvtecjundiai.com.br\/news\/wp-json\/wp\/v2\/media\/75502"}],"wp:attachment":[{"href":"https:\/\/tvtecjundiai.com.br\/news\/wp-json\/wp\/v2\/media?parent=75501"}],"wp:term":[{"taxonomy":"category","embeddable":true,"href":"https:\/\/tvtecjundiai.com.br\/news\/wp-json\/wp\/v2\/categories?post=75501"},{"taxonomy":"post_tag","embeddable":true,"href":"https:\/\/tvtecjundiai.com.br\/news\/wp-json\/wp\/v2\/tags?post=75501"}],"curies":[{"name":"wp","href":"https:\/\/api.w.org\/{rel}","templated":true}]}}