{"id":75504,"date":"2021-05-10T11:00:05","date_gmt":"2021-05-10T14:00:05","guid":{"rendered":"https:\/\/tvtecjundiai.com.br\/news\/?p=75504"},"modified":"2021-05-10T11:00:05","modified_gmt":"2021-05-10T14:00:05","slug":"guarda-municipal-e-policia-militar-realizam-operacao-integrada-contra-pancadoes-em-jundiai","status":"publish","type":"post","link":"https:\/\/tvtecjundiai.com.br\/news\/2021\/05\/10\/guarda-municipal-e-policia-militar-realizam-operacao-integrada-contra-pancadoes-em-jundiai\/","title":{"rendered":"Guarda Municipal e Pol\u00edcia Militar realizam opera\u00e7\u00e3o integrada contra pancad\u00f5es em Jundia\u00ed"},"content":{"rendered":"\n<p>A Guarda Municipal de Jundia\u00ed, em parceria com a Pol\u00edcia Militar, realizou opera\u00e7\u00f5es para combater os chamados \u201cpancad\u00f5es\u201d no \u00faltimo fim de semana, nos bairros Jardim S\u00e3o Camilo e Jardim Tamoio. Al\u00e9m de coibir a aglomera\u00e7\u00e3o de pessoas, essas opera\u00e7\u00f5es integradas t\u00eam o objetivo de promover o sossego dos moradores. Os \u201cpancad\u00f5es\u201d s\u00e3o festas ao ar livre, na rua, com som alto.<\/p>\n\n\n\n<p>\u201cEssas opera\u00e7\u00f5es est\u00e3o atingindo resultados satisfat\u00f3rios e a pr\u00f3pria popula\u00e7\u00e3o tem agradecido a presen\u00e7a das for\u00e7as de seguran\u00e7a, garantindo noites de tranquilidade\u201d, explica a gestora de Seguran\u00e7a Municipal, coronel Carla Basson. \u201cQuando trabalhamos de forma integrada, juntando GM e PM, a resposta \u00e9 sempre positiva.\u201d<\/p>\n\n\n\n<p>No fim de semana anterior tamb\u00e9m foram feitas duas opera\u00e7\u00f5es integradas no Jardim S\u00e3o Camilo e uma no Jardim Sorocabana.<\/p>\n\n\n\n<div class=\"wp-block-image\"><figure class=\"aligncenter size-large\"><img loading=\"lazy\" decoding=\"async\" width=\"1032\" height=\"581\" src=\"https:\/\/tvtecjundiai.com.br\/news\/wp-content\/uploads\/sites\/2\/2021\/05\/whatsapp-image-2021-05-10-at-10-09-29.jpeg\" alt=\"\" class=\"wp-image-75505\" srcset=\"https:\/\/tvtecjundiai.com.br\/news\/wp-content\/uploads\/sites\/2\/2021\/05\/whatsapp-image-2021-05-10-at-10-09-29.jpeg 1032w, https:\/\/tvtecjundiai.com.br\/news\/wp-content\/uploads\/sites\/2\/2021\/05\/whatsapp-image-2021-05-10-at-10-09-29-300x169.jpeg 300w, https:\/\/tvtecjundiai.com.br\/news\/wp-content\/uploads\/sites\/2\/2021\/05\/whatsapp-image-2021-05-10-at-10-09-29-768x432.jpeg 768w\" sizes=\"auto, (max-width: 1032px) 100vw, 1032px\" \/><figcaption>Pol\u00edcia Militar e Guarda Municipal em a\u00e7\u00e3o integrada, no Jardim Tamoio, para evitar \u201cpancad\u00f5es\u201d<\/figcaption><\/figure><\/div>\n\n\n\n<p><strong>Fiscaliza\u00e7\u00e3o do Com\u00e9rcio<\/strong><br>O trabalho de fiscaliza\u00e7\u00e3o integrada dos com\u00e9rcios de Jundia\u00ed continua neste per\u00edodo de pandemia. O objetivo \u00e9 evitar aglomera\u00e7\u00f5es e observar as regras estabelecidas pelo munic\u00edpio. Do dia 30 de abril at\u00e9 a \u00faltima quinta-feira (6), a Divis\u00e3o de Fiscaliza\u00e7\u00e3o do Com\u00e9rcio, em parceria com a Guarda Municipal, realizou 21 a\u00e7\u00f5es \u2013 com nove averigua\u00e7\u00f5es, oito notifica\u00e7\u00f5es e quatro infra\u00e7\u00f5es e autua\u00e7\u00f5es.<\/p>\n\n\n\n<p>Foram fiscalizados com\u00e9rcios como loja de roupas, minimercados, lanchonete, lava car, entre outros. Desde o in\u00edcio da pandemia, no ano passado, a Fiscaliza\u00e7\u00e3o do Com\u00e9rcio fez 1590 notifica\u00e7\u00f5es em diferentes estabelecimentos da cidade.<\/p>\n\n\n\n<p><em>(Fonte\/Imagem: Prefeitura de Jundia\u00ed)<\/em><\/p>\n","protected":false},"excerpt":{"rendered":"<p>As a\u00e7\u00f5es foram realizadas nos bairros Jardim S\u00e3o Camilo e Jardim Tamoio neste fim de semana<\/p>\n","protected":false},"author":25,"featured_media":75505,"comment_status":"closed","ping_status":"closed","sticky":false,"template":"","format":"standard","meta":{"footnotes":""},"categories":[1,4739],"tags":[],"class_list":["post-75504","post","type-post","status-publish","format-standard","has-post-thumbnail","hentry","category-noticias","category-policia"],"_links":{"self":[{"href":"https:\/\/tvtecjundiai.com.br\/news\/wp-json\/wp\/v2\/posts\/75504","targetHints":{"allow":["GET"]}}],"collection":[{"href":"https:\/\/tvtecjundiai.com.br\/news\/wp-json\/wp\/v2\/posts"}],"about":[{"href":"https:\/\/tvtecjundiai.com.br\/news\/wp-json\/wp\/v2\/types\/post"}],"author":[{"embeddable":true,"href":"https:\/\/tvtecjundiai.com.br\/news\/wp-json\/wp\/v2\/users\/25"}],"replies":[{"embeddable":true,"href":"https:\/\/tvtecjundiai.com.br\/news\/wp-json\/wp\/v2\/comments?post=75504"}],"version-history":[{"count":1,"href":"https:\/\/tvtecjundiai.com.br\/news\/wp-json\/wp\/v2\/posts\/75504\/revisions"}],"predecessor-version":[{"id":75506,"href":"https:\/\/tvtecjundiai.com.br\/news\/wp-json\/wp\/v2\/posts\/75504\/revisions\/75506"}],"wp:featuredmedia":[{"embeddable":true,"href":"https:\/\/tvtecjundiai.com.br\/news\/wp-json\/wp\/v2\/media\/75505"}],"wp:attachment":[{"href":"https:\/\/tvtecjundiai.com.br\/news\/wp-json\/wp\/v2\/media?parent=75504"}],"wp:term":[{"taxonomy":"category","embeddable":true,"href":"https:\/\/tvtecjundiai.com.br\/news\/wp-json\/wp\/v2\/categories?post=75504"},{"taxonomy":"post_tag","embeddable":true,"href":"https:\/\/tvtecjundiai.com.br\/news\/wp-json\/wp\/v2\/tags?post=75504"}],"curies":[{"name":"wp","href":"https:\/\/api.w.org\/{rel}","templated":true}]}}