{"id":75510,"date":"2021-05-10T14:06:13","date_gmt":"2021-05-10T17:06:13","guid":{"rendered":"https:\/\/tvtecjundiai.com.br\/news\/?p=75510"},"modified":"2021-05-10T14:06:13","modified_gmt":"2021-05-10T17:06:13","slug":"jundiai-tera-nova-frente-fria-nesta-semana","status":"publish","type":"post","link":"https:\/\/tvtecjundiai.com.br\/news\/2021\/05\/10\/jundiai-tera-nova-frente-fria-nesta-semana\/","title":{"rendered":"Jundia\u00ed ter\u00e1 nova frente fria nesta semana"},"content":{"rendered":"\n<p>As noites e madrugadas ainda seguem frias no estado de S\u00e3o Paulo ao longo dos pr\u00f3ximos dias. Nesta segunda-feira (10), inclusive, h\u00e1 possibilidade de um novo recorde de frio na capital paulista. A menor temperatura de 2021, at\u00e9 o momento, \u00e9 de 13,9\u00b0C. Durante as tardes as temperaturas seguem em gradativa eleva\u00e7\u00e3o neste in\u00edcio de semana.<\/p>\n\n\n\n<div class=\"wp-block-image\"><figure class=\"aligncenter size-large\"><img loading=\"lazy\" decoding=\"async\" width=\"640\" height=\"480\" src=\"https:\/\/tvtecjundiai.com.br\/news\/wp-content\/uploads\/sites\/2\/2021\/05\/frentefria.jpeg\" alt=\"\" class=\"wp-image-75511\" srcset=\"https:\/\/tvtecjundiai.com.br\/news\/wp-content\/uploads\/sites\/2\/2021\/05\/frentefria.jpeg 640w, https:\/\/tvtecjundiai.com.br\/news\/wp-content\/uploads\/sites\/2\/2021\/05\/frentefria-300x225.jpeg 300w\" sizes=\"auto, (max-width: 640px) 100vw, 640px\" \/><figcaption>Mudan\u00e7a no clima deve acontecer a partir de quarta-feira (12)<\/figcaption><\/figure><\/div>\n\n\n\n<p>J\u00e1 a cidade de Jundia\u00ed come\u00e7a a semana sob predom\u00ednio do ar seco. A mudan\u00e7a de clima na cidade deve acontecer a partir de quarta-feira (12), j\u00e1 que o avan\u00e7o de uma nova frente fria muda o tempo no estado de S\u00e3o Paulo e h\u00e1 condi\u00e7\u00e3o para pancadas de chuva com raios. O sol ainda vai aparecer na maior parte do estado, mas as nuvens aumentam e o risco para temporais e chuva volumosa \u00e9 alto, especialmente entre a tarde de quarta-feira e a madrugada e manh\u00e3 de quinta (13). Na quinta-feira (13), a m\u00e1xima n\u00e3o deve passar dos 22\u00ba.<\/p>\n\n\n\n<p>Ar frio<br>Ap\u00f3s a passagem do sistema, a entrada de ar frio de origem polar favorece a queda nas temperaturas no estado de S\u00e3o Paulo. A semana vai terminar novamente com sensa\u00e7\u00e3o de frio.<\/p>\n\n\n\n<p>(Texto\/Imagem: TVTEC)<\/p>\n","protected":false},"excerpt":{"rendered":"<p>Na quinta-feira (12), a m\u00e1xima n\u00e3o deve passar dos 22\u00ba<\/p>\n","protected":false},"author":28,"featured_media":75511,"comment_status":"closed","ping_status":"closed","sticky":false,"template":"","format":"standard","meta":{"footnotes":""},"categories":[8356,1],"tags":[],"class_list":["post-75510","post","type-post","status-publish","format-standard","has-post-thumbnail","hentry","category-jundiai","category-noticias"],"_links":{"self":[{"href":"https:\/\/tvtecjundiai.com.br\/news\/wp-json\/wp\/v2\/posts\/75510","targetHints":{"allow":["GET"]}}],"collection":[{"href":"https:\/\/tvtecjundiai.com.br\/news\/wp-json\/wp\/v2\/posts"}],"about":[{"href":"https:\/\/tvtecjundiai.com.br\/news\/wp-json\/wp\/v2\/types\/post"}],"author":[{"embeddable":true,"href":"https:\/\/tvtecjundiai.com.br\/news\/wp-json\/wp\/v2\/users\/28"}],"replies":[{"embeddable":true,"href":"https:\/\/tvtecjundiai.com.br\/news\/wp-json\/wp\/v2\/comments?post=75510"}],"version-history":[{"count":1,"href":"https:\/\/tvtecjundiai.com.br\/news\/wp-json\/wp\/v2\/posts\/75510\/revisions"}],"predecessor-version":[{"id":75512,"href":"https:\/\/tvtecjundiai.com.br\/news\/wp-json\/wp\/v2\/posts\/75510\/revisions\/75512"}],"wp:featuredmedia":[{"embeddable":true,"href":"https:\/\/tvtecjundiai.com.br\/news\/wp-json\/wp\/v2\/media\/75511"}],"wp:attachment":[{"href":"https:\/\/tvtecjundiai.com.br\/news\/wp-json\/wp\/v2\/media?parent=75510"}],"wp:term":[{"taxonomy":"category","embeddable":true,"href":"https:\/\/tvtecjundiai.com.br\/news\/wp-json\/wp\/v2\/categories?post=75510"},{"taxonomy":"post_tag","embeddable":true,"href":"https:\/\/tvtecjundiai.com.br\/news\/wp-json\/wp\/v2\/tags?post=75510"}],"curies":[{"name":"wp","href":"https:\/\/api.w.org\/{rel}","templated":true}]}}