{"id":75513,"date":"2021-05-10T14:37:10","date_gmt":"2021-05-10T17:37:10","guid":{"rendered":"https:\/\/tvtecjundiai.com.br\/news\/?p=75513"},"modified":"2021-05-10T14:37:10","modified_gmt":"2021-05-10T17:37:10","slug":"santuario-santa-rita-de-cassia-no-cecap-inicia-trezena-em-louvor-a-sua-padroeira","status":"publish","type":"post","link":"https:\/\/tvtecjundiai.com.br\/news\/2021\/05\/10\/santuario-santa-rita-de-cassia-no-cecap-inicia-trezena-em-louvor-a-sua-padroeira\/","title":{"rendered":"Santu\u00e1rio Santa Rita de C\u00e1ssia no CECAP inicia trezena em louvor \u00e0 sua padroeira"},"content":{"rendered":"\n<p>Desde o \u00faltimo domingo (09), o Santu\u00e1rio Santa Rita de C\u00e1ssia no CECAP iniciou a trezena em louvor \u00e0 sua padroeira. As celebra\u00e7\u00f5es ocorrem at\u00e9 o dia 22 deste m\u00eas com o tema &#8220;Santa Rita e o Milagre das Rosas&#8221;.<\/p>\n\n\n\n<p>O reitor do Santu\u00e1rio, padre Antonio Carlos dos Santos, explicou que o tema deste ano foi escolhido em virtude da situa\u00e7\u00e3o enfrentada por toda a sociedade, j\u00e1 que as rosas de Santa Rita s\u00e3o ofertadas aos enfermos. <\/p>\n\n\n\n<p>Quem n\u00e3o puder comparecer pessoalmente ao santu\u00e1rio, poder\u00e1 prestar sua homenagem \u00e0 Santa Rita de maneira virtual. Segundo o padre, todas as missas da noite s\u00e3o transmitidas pelas redes sociais. J\u00e1 no dia 22, dia de Santa Rita, todas as cinco celebra\u00e7\u00f5es ser\u00e3o transmitidas online, onde a pessoa poder\u00e1 acompanhar pelo Facebook, Instagram e YouTube. No dia 16, a partir das 15h, tamb\u00e9m ocorre a tradicional carreata de ve\u00edculos com a imagem da padroeira, pelas principais ruas do CECAP.<\/p>\n\n\n\n<figure class=\"wp-block-image size-large\"><img loading=\"lazy\" decoding=\"async\" width=\"960\" height=\"636\" src=\"https:\/\/tvtecjundiai.com.br\/news\/wp-content\/uploads\/sites\/2\/2021\/05\/santuario.jpg\" alt=\"\" class=\"wp-image-75514\" srcset=\"https:\/\/tvtecjundiai.com.br\/news\/wp-content\/uploads\/sites\/2\/2021\/05\/santuario.jpg 960w, https:\/\/tvtecjundiai.com.br\/news\/wp-content\/uploads\/sites\/2\/2021\/05\/santuario-300x199.jpg 300w, https:\/\/tvtecjundiai.com.br\/news\/wp-content\/uploads\/sites\/2\/2021\/05\/santuario-768x509.jpg 768w\" sizes=\"auto, (max-width: 960px) 100vw, 960px\" \/><figcaption>Santu\u00e1rio Santa Rita de C\u00e1ssia: trezena em homenagem \u00e0 sua padroeira segue at\u00e9 dia 22 <\/figcaption><\/figure>\n\n\n\n<p>Em virtude da pandemia, neste ano n\u00e3o haver\u00e1 a pra\u00e7a de alimenta\u00e7\u00e3o, mas foi organizado um sistema de drive-thru, onde a pessoa que vier com seu carro poder\u00e1 retirar os alimentos, sem precisar descer do ve\u00edculo. A Par\u00f3quia Santa Rita de C\u00e1ssia est\u00e1 localizada na rua Ant\u00f4nio Graciadio, 352, CECAP.<\/p>\n\n\n\n<p><em>(Texto: TVTEC\/Imagem: Arquivo)<\/em><\/p>\n","protected":false},"excerpt":{"rendered":"<p>As celebra\u00e7\u00f5es ocorrem at\u00e9 o dia 22 deste m\u00eas com o tema &#8220;Santa Rita e o Milagre das Rosas&#8221;<\/p>\n","protected":false},"author":28,"featured_media":75514,"comment_status":"closed","ping_status":"closed","sticky":false,"template":"","format":"standard","meta":{"footnotes":""},"categories":[8356,1],"tags":[],"class_list":["post-75513","post","type-post","status-publish","format-standard","has-post-thumbnail","hentry","category-jundiai","category-noticias"],"_links":{"self":[{"href":"https:\/\/tvtecjundiai.com.br\/news\/wp-json\/wp\/v2\/posts\/75513","targetHints":{"allow":["GET"]}}],"collection":[{"href":"https:\/\/tvtecjundiai.com.br\/news\/wp-json\/wp\/v2\/posts"}],"about":[{"href":"https:\/\/tvtecjundiai.com.br\/news\/wp-json\/wp\/v2\/types\/post"}],"author":[{"embeddable":true,"href":"https:\/\/tvtecjundiai.com.br\/news\/wp-json\/wp\/v2\/users\/28"}],"replies":[{"embeddable":true,"href":"https:\/\/tvtecjundiai.com.br\/news\/wp-json\/wp\/v2\/comments?post=75513"}],"version-history":[{"count":1,"href":"https:\/\/tvtecjundiai.com.br\/news\/wp-json\/wp\/v2\/posts\/75513\/revisions"}],"predecessor-version":[{"id":75515,"href":"https:\/\/tvtecjundiai.com.br\/news\/wp-json\/wp\/v2\/posts\/75513\/revisions\/75515"}],"wp:featuredmedia":[{"embeddable":true,"href":"https:\/\/tvtecjundiai.com.br\/news\/wp-json\/wp\/v2\/media\/75514"}],"wp:attachment":[{"href":"https:\/\/tvtecjundiai.com.br\/news\/wp-json\/wp\/v2\/media?parent=75513"}],"wp:term":[{"taxonomy":"category","embeddable":true,"href":"https:\/\/tvtecjundiai.com.br\/news\/wp-json\/wp\/v2\/categories?post=75513"},{"taxonomy":"post_tag","embeddable":true,"href":"https:\/\/tvtecjundiai.com.br\/news\/wp-json\/wp\/v2\/tags?post=75513"}],"curies":[{"name":"wp","href":"https:\/\/api.w.org\/{rel}","templated":true}]}}