{"id":75516,"date":"2021-05-10T15:22:52","date_gmt":"2021-05-10T18:22:52","guid":{"rendered":"https:\/\/tvtecjundiai.com.br\/news\/?p=75516"},"modified":"2021-05-10T17:19:41","modified_gmt":"2021-05-10T20:19:41","slug":"professor-de-fotografia-da-tvtec-da-dicas-de-como-tirar-boas-fotos","status":"publish","type":"post","link":"https:\/\/tvtecjundiai.com.br\/news\/2021\/05\/10\/professor-de-fotografia-da-tvtec-da-dicas-de-como-tirar-boas-fotos\/","title":{"rendered":"Professor de fotografia da TVTEC d\u00e1 dicas de como tirar boas fotos"},"content":{"rendered":"\n<p>Oferecido pela Prefeitura de Jundia\u00ed em parceria com a TVTEC, o curso \u201cPlanejamento Fotogr\u00e1fico\u201d, acontece no dia 19, das 19h \u00e0s 22h, de maneira online e gratuita.<\/p>\n\n\n\n<p>Ministrado pelo professor Everton Rossini, o curso pretende fornecer aos alunos metodologias para que cada um consiga fazer um planejamento fotogr\u00e1fico e, assim, tirar a sua melhor fotografia.<\/p>\n\n\n\n<p>Segundo o professor Everton, com o f\u00e1cil acesso das pessoas \u00e0s c\u00e2meras, principalmente as dos celulares, as pessoas sentem vontade em aprender a tirar boas fotos. \u201cCom certeza, n\u00e3o s\u00f3 as c\u00e2meras no celular, mas a instantaneidade de postar. Hoje o celular a gente n\u00e3o s\u00f3 fotografa, como a gente trabalha, a gente consegue trabalhar de home office em qualquer lugar\u201d, avalia.<\/p>\n\n\n\n<figure class=\"wp-block-image size-large\"><img loading=\"lazy\" decoding=\"async\" width=\"1200\" height=\"900\" src=\"https:\/\/tvtecjundiai.com.br\/news\/wp-content\/uploads\/sites\/2\/2021\/05\/everton-1200x900.jpg\" alt=\"\" class=\"wp-image-75518\" srcset=\"https:\/\/tvtecjundiai.com.br\/news\/wp-content\/uploads\/sites\/2\/2021\/05\/everton-1200x900.jpg 1200w, https:\/\/tvtecjundiai.com.br\/news\/wp-content\/uploads\/sites\/2\/2021\/05\/everton-300x225.jpg 300w, https:\/\/tvtecjundiai.com.br\/news\/wp-content\/uploads\/sites\/2\/2021\/05\/everton-768x576.jpg 768w, https:\/\/tvtecjundiai.com.br\/news\/wp-content\/uploads\/sites\/2\/2021\/05\/everton.jpg 1280w\" sizes=\"auto, (max-width: 1200px) 100vw, 1200px\" \/><figcaption>Everton Rossini d\u00e1 dicas de como planejar uma boa fotografia<\/figcaption><\/figure>\n\n\n\n<p>Para o professor, o planejamento fotogr\u00e1fico consiste em pensar naquele passo antes de fotografar. \u201cO que eu quero mostrar, o que eu vou precisar colocar nessa foto, vou fazer vertical, horizontal, que cor que vai ter nessa foto, que equipamento vou usar, vou precisar de trip\u00e9, n\u00e3o vou\u201d.<\/p>\n\n\n\n<p>Everton explica que o planejamento \u00e9 como se fosse um roteiro da foto. \u201cQuando voc\u00ea faz essas perguntas e chega na hora da fotografia, ela j\u00e1 est\u00e1 pronta na sua cabe\u00e7a\u201d, explica.<\/p>\n\n\n\n<p>O professor \u2018j\u00e1 \u00e9 velho de casa\u2019, j\u00e1 que foi um dos primeiros professores de fotografia da institui\u00e7\u00e3o. Everton garante que viu bastante diferen\u00e7a entre os cursos oferecidos no come\u00e7o e os de agora. \u201cNo come\u00e7o a gente achou que ia ser mais aquele pessoal que precisava de uma recoloca\u00e7\u00e3o no mercado, mas com o tempo a gente viu que n\u00e3o, que a gente pode abranger v\u00e1rias \u00e1reas\u201d, relembra.<\/p>\n\n\n\n<p><strong>Saiba mais informa\u00e7\u00f5es sobre o curso<\/strong><\/p>\n\n\n\n<p><strong>Planejamento Fotogr\u00e1fico<\/strong><br><strong>Professor:&nbsp;<\/strong>Everton Rossini<br><strong>Dia:<\/strong>&nbsp;19\/05 \u2013 Das 19h \u00e0s 22h<br><strong>30 vagas \u2013&nbsp; Carga: 3h<\/strong><\/p>\n\n\n\n<p><strong>Saiba mais: <\/strong><a href=\"http:\/\/bit.ly\/planejarfoto\">http:\/\/bit.ly\/planejarfoto<\/a><\/p>\n\n\n\n<p><em>(Texto: TVTEC\/Imagem: Arquivo pessoal)<\/em><\/p>\n","protected":false},"excerpt":{"rendered":"<p>Everton Rossini ir\u00e1 ministrar o curso \u201cPlanejamento fotogr\u00e1fico\u201d que acontece no dia 19<\/p>\n","protected":false},"author":28,"featured_media":75518,"comment_status":"closed","ping_status":"closed","sticky":false,"template":"","format":"standard","meta":{"footnotes":""},"categories":[8356,1],"tags":[],"class_list":["post-75516","post","type-post","status-publish","format-standard","has-post-thumbnail","hentry","category-jundiai","category-noticias"],"_links":{"self":[{"href":"https:\/\/tvtecjundiai.com.br\/news\/wp-json\/wp\/v2\/posts\/75516","targetHints":{"allow":["GET"]}}],"collection":[{"href":"https:\/\/tvtecjundiai.com.br\/news\/wp-json\/wp\/v2\/posts"}],"about":[{"href":"https:\/\/tvtecjundiai.com.br\/news\/wp-json\/wp\/v2\/types\/post"}],"author":[{"embeddable":true,"href":"https:\/\/tvtecjundiai.com.br\/news\/wp-json\/wp\/v2\/users\/28"}],"replies":[{"embeddable":true,"href":"https:\/\/tvtecjundiai.com.br\/news\/wp-json\/wp\/v2\/comments?post=75516"}],"version-history":[{"count":2,"href":"https:\/\/tvtecjundiai.com.br\/news\/wp-json\/wp\/v2\/posts\/75516\/revisions"}],"predecessor-version":[{"id":75547,"href":"https:\/\/tvtecjundiai.com.br\/news\/wp-json\/wp\/v2\/posts\/75516\/revisions\/75547"}],"wp:featuredmedia":[{"embeddable":true,"href":"https:\/\/tvtecjundiai.com.br\/news\/wp-json\/wp\/v2\/media\/75518"}],"wp:attachment":[{"href":"https:\/\/tvtecjundiai.com.br\/news\/wp-json\/wp\/v2\/media?parent=75516"}],"wp:term":[{"taxonomy":"category","embeddable":true,"href":"https:\/\/tvtecjundiai.com.br\/news\/wp-json\/wp\/v2\/categories?post=75516"},{"taxonomy":"post_tag","embeddable":true,"href":"https:\/\/tvtecjundiai.com.br\/news\/wp-json\/wp\/v2\/tags?post=75516"}],"curies":[{"name":"wp","href":"https:\/\/api.w.org\/{rel}","templated":true}]}}