{"id":75520,"date":"2021-05-10T15:38:58","date_gmt":"2021-05-10T18:38:58","guid":{"rendered":"https:\/\/tvtecjundiai.com.br\/news\/?p=75520"},"modified":"2021-05-10T16:55:48","modified_gmt":"2021-05-10T19:55:48","slug":"fa-da-guarda-municipal-de-jundiai-jovem-completa-17-anos-e-faz-aniversario-tematico-1","status":"publish","type":"post","link":"https:\/\/tvtecjundiai.com.br\/news\/2021\/05\/10\/fa-da-guarda-municipal-de-jundiai-jovem-completa-17-anos-e-faz-aniversario-tematico-1\/","title":{"rendered":"F\u00e3 da Guarda Municipal de Jundia\u00ed, jovem completa 17 anos e faz anivers\u00e1rio tem\u00e1tico"},"content":{"rendered":"\n<p>Um dos seguidores da Guarda Municipal de Jundia\u00ed no Instagram, comemorou no \u00faltimo domingo (09) seu 17\u00ba anivers\u00e1rio de um jeito diferente.<\/p>\n\n\n\n<p>Guilherme Pablo, morador no bairro Almerinda Chaves, fez o convite pela rede social aos guardas que integram a especializada Apoio T\u00e1tico para que fossem comemorar seu anivers\u00e1rio em sua resid\u00eancia.<\/p>\n\n\n\n<div class=\"wp-block-image\"><figure class=\"aligncenter size-large\"><img loading=\"lazy\" decoding=\"async\" width=\"590\" height=\"683\" src=\"https:\/\/tvtecjundiai.com.br\/news\/wp-content\/uploads\/sites\/2\/2021\/05\/insta.jpeg\" alt=\"\" class=\"wp-image-75521\" srcset=\"https:\/\/tvtecjundiai.com.br\/news\/wp-content\/uploads\/sites\/2\/2021\/05\/insta.jpeg 590w, https:\/\/tvtecjundiai.com.br\/news\/wp-content\/uploads\/sites\/2\/2021\/05\/insta-300x347.jpeg 300w\" sizes=\"auto, (max-width: 590px) 100vw, 590px\" \/><figcaption>Convite veio pelo Instagram \u00e0 Guarda Municipal de Jundia\u00ed<\/figcaption><\/figure><\/div>\n\n\n\n<p>J\u00e1 conhecido e querido pelo subinspetor Anderson Siqueira, os guardas Danilo, Feitosa, Monique, Eug\u00eanio, Braga, Moreira, Sanson, Squisati, D\u00f4nola, Calixto e o subinspetor Joel Pereira, todos do Apoio T\u00e1tico, foram at\u00e9 sua resid\u00eancia participar da festa de anivers\u00e1rio com o tema do Apoio T\u00e1tico da GM.<\/p>\n\n\n\n<p>Presenteado com boina, camiseta, e coturno, Guilherme foi homenageado ao lado dos guardas. \u201cFoi um grande amigo que fizemos, o Guilherme \u00e9 uma \u00f3tima pessoa e f\u00e3 da GMJ\u201d, conta o subinspetor Anderson. Guilherme tem o desejo de ingressar na Guarda Municipal assim que completar a maioridade.<\/p>\n\n\n\n<div class=\"wp-block-image\"><figure class=\"aligncenter size-large\"><img loading=\"lazy\" decoding=\"async\" width=\"484\" height=\"720\" src=\"https:\/\/tvtecjundiai.com.br\/news\/wp-content\/uploads\/sites\/2\/2021\/05\/guilherme.jpg\" alt=\"\" class=\"wp-image-75522\" srcset=\"https:\/\/tvtecjundiai.com.br\/news\/wp-content\/uploads\/sites\/2\/2021\/05\/guilherme.jpg 484w, https:\/\/tvtecjundiai.com.br\/news\/wp-content\/uploads\/sites\/2\/2021\/05\/guilherme-300x446.jpg 300w\" sizes=\"auto, (max-width: 484px) 100vw, 484px\" \/><figcaption>Guilherme comemorou seu anivers\u00e1rio de 17 anos com festa tem\u00e1tica  <\/figcaption><\/figure><\/div>\n\n\n\n<p>\u201cEu n\u00e3o esperava aquela turma grande de guardas sabe, foi uma surpresa enorme, porque para mim \u00e9 uma coisa que n\u00e3o tem pre\u00e7o n\u00e9, mas agora eu tenho um carinho enorme, uma paix\u00e3o pela farda azul marinho\u201d, conta Guilherme.<\/p>\n\n\n\n<p><em>(Texto\/Imagens: Assessoria de Imprensa)<\/em><\/p>\n","protected":false},"excerpt":{"rendered":"<p>Equipe do Apoio T\u00e1tico participou da comemora\u00e7\u00e3o da festa de Guilherme, morador do Almerinda Chaves<\/p>\n","protected":false},"author":28,"featured_media":75542,"comment_status":"closed","ping_status":"closed","sticky":false,"template":"","format":"standard","meta":{"footnotes":""},"categories":[8356,1],"tags":[],"class_list":["post-75520","post","type-post","status-publish","format-standard","has-post-thumbnail","hentry","category-jundiai","category-noticias"],"_links":{"self":[{"href":"https:\/\/tvtecjundiai.com.br\/news\/wp-json\/wp\/v2\/posts\/75520","targetHints":{"allow":["GET"]}}],"collection":[{"href":"https:\/\/tvtecjundiai.com.br\/news\/wp-json\/wp\/v2\/posts"}],"about":[{"href":"https:\/\/tvtecjundiai.com.br\/news\/wp-json\/wp\/v2\/types\/post"}],"author":[{"embeddable":true,"href":"https:\/\/tvtecjundiai.com.br\/news\/wp-json\/wp\/v2\/users\/28"}],"replies":[{"embeddable":true,"href":"https:\/\/tvtecjundiai.com.br\/news\/wp-json\/wp\/v2\/comments?post=75520"}],"version-history":[{"count":1,"href":"https:\/\/tvtecjundiai.com.br\/news\/wp-json\/wp\/v2\/posts\/75520\/revisions"}],"predecessor-version":[{"id":75523,"href":"https:\/\/tvtecjundiai.com.br\/news\/wp-json\/wp\/v2\/posts\/75520\/revisions\/75523"}],"wp:featuredmedia":[{"embeddable":true,"href":"https:\/\/tvtecjundiai.com.br\/news\/wp-json\/wp\/v2\/media\/75542"}],"wp:attachment":[{"href":"https:\/\/tvtecjundiai.com.br\/news\/wp-json\/wp\/v2\/media?parent=75520"}],"wp:term":[{"taxonomy":"category","embeddable":true,"href":"https:\/\/tvtecjundiai.com.br\/news\/wp-json\/wp\/v2\/categories?post=75520"},{"taxonomy":"post_tag","embeddable":true,"href":"https:\/\/tvtecjundiai.com.br\/news\/wp-json\/wp\/v2\/tags?post=75520"}],"curies":[{"name":"wp","href":"https:\/\/api.w.org\/{rel}","templated":true}]}}