{"id":75528,"date":"2021-05-10T16:22:35","date_gmt":"2021-05-10T19:22:35","guid":{"rendered":"https:\/\/tvtecjundiai.com.br\/news\/?p=75528"},"modified":"2021-05-10T16:22:35","modified_gmt":"2021-05-10T19:22:35","slug":"enfermeiras-do-hospital-universitario-falam-sobre-a-rotina-de-ser-mae-e-trabalhar-na-pediatria","status":"publish","type":"post","link":"https:\/\/tvtecjundiai.com.br\/news\/2021\/05\/10\/enfermeiras-do-hospital-universitario-falam-sobre-a-rotina-de-ser-mae-e-trabalhar-na-pediatria\/","title":{"rendered":"Enfermeiras do Hospital Universit\u00e1rio falam sobre a rotina de ser m\u00e3e e trabalhar na pediatria"},"content":{"rendered":"\n<p>Em homenagem ao Dia das M\u00e3es e ao Dia Internacional da Enfermagem (12 de maio), a equipe do Hospital Universit\u00e1rio de Jundia\u00ed realizou uma homenagem para as enfermeiras que tamb\u00e9m s\u00e3o m\u00e3es. Confira a seguir as hist\u00f3rias de algumas das mulheres que trabalham na institui\u00e7\u00e3o.<\/p>\n\n\n\n<p>A enfermeira do PSI, Anita Barbosa Ferraz de Moraes, 43, tem 20 anos na enfermagem. Ela teve contato com a profiss\u00e3o quando era crian\u00e7a. Diab\u00e9tica, teve v\u00e1rias passagens pelo hospital desde cedo e isso fez com que ela se interessasse pela \u00e1rea. Com 36 anos, Anita foi m\u00e3e pela segunda vez e quando sua filha tinha seis anos foi diagnosticada com diabetes. \u201cQuando descobri, o meu lado enfermeira sumiu, e como m\u00e3e fiquei desesperada. Na mesma \u00e9poca que fiquei sabendo da doen\u00e7a dela, atendi muitas crian\u00e7as com a mesma patologia. Isso mexeu demais comigo\u201d. Com o COVID-19 e a doen\u00e7a de sua filha, a rotina teve que mudar muito e hoje ela se reveza com o marido dia e noite em seus cuidados.<\/p>\n\n\n\n<figure class=\"wp-block-image size-large\"><img loading=\"lazy\" decoding=\"async\" width=\"960\" height=\"720\" src=\"https:\/\/tvtecjundiai.com.br\/news\/wp-content\/uploads\/sites\/2\/2021\/05\/anita.jpg\" alt=\"\" class=\"wp-image-75529\" srcset=\"https:\/\/tvtecjundiai.com.br\/news\/wp-content\/uploads\/sites\/2\/2021\/05\/anita.jpg 960w, https:\/\/tvtecjundiai.com.br\/news\/wp-content\/uploads\/sites\/2\/2021\/05\/anita-300x225.jpg 300w, https:\/\/tvtecjundiai.com.br\/news\/wp-content\/uploads\/sites\/2\/2021\/05\/anita-768x576.jpg 768w\" sizes=\"auto, (max-width: 960px) 100vw, 960px\" \/><figcaption>A enfermeira Anita tem 20 anos de profiss\u00e3o<\/figcaption><\/figure>\n\n\n\n<p>Ser m\u00e3e e cuidar de crian\u00e7as no Pronto Socorro n\u00e3o \u00e9 f\u00e1cil como conta Anita. \u201cTrato meus pacientes como se fossem minhas filhas. Quando ocorre uma perda chego em casa arrasada e aperto minhas meninas como se n\u00e3o houvesse o amanh\u00e3\u201d.<\/p>\n\n\n\n<p>J\u00e1 a enfermeira Priscila Galv\u00e3o, 36, tem cinco anos de profiss\u00e3o e come\u00e7ou sua vida profissional como estagi\u00e1ria no HU. Hoje \u00e9 enfermeira da pediatria. M\u00e3e de um menino de tr\u00eas anos, fala que depois que se tornou m\u00e3e muita coisa mudou em sua profiss\u00e3o. \u201cO cuidar da crian\u00e7a, principalmente quando lembro do meu filho \u00e9 mais dif\u00edcil. Fico pensando que poderia ser meu pequeno naquela situa\u00e7\u00e3o. Quando ele fica doente \u00e9 mais dif\u00edcil ainda, pois tenho que deix\u00e1-lo com cuidadores e fico com a sensa\u00e7\u00e3o de que cuido dos filhos dos outros e n\u00e3o cuido do meu pr\u00f3prio filho\u201d. Ela comenta que \u00e9 preciso saber lidar com a situa\u00e7\u00e3o e que muitas vezes se esconde para chorar.<\/p>\n\n\n\n<p>Pamela Zignani Godiano tem 31 anos e cinco como enfermeira da UTI Neonatal. Ela explica que cuidava e levava sempre sua av\u00f3 ao hospital e se encantou pela enfermagem. M\u00e3e de uma filha de tr\u00eas anos, conta que sua vis\u00e3o mudou muito ap\u00f3s o nascimento dela. \u201cFico imaginando as m\u00e3es que v\u00e3o embora da UTI Neo sem seus filhos no colo. Quando o beb\u00ea tem alta, sentimos como se fosse algu\u00e9m da nossa fam\u00edlia. Agora, quando temos uma perda, vou embora para casa destru\u00edda e com dor no cora\u00e7\u00e3o\u201d. Pamela comenta que nessa \u00e9poca de pandemia d\u00e1 vontade de ficar em casa cuidando da filha. \u201cPrecisamos ser fortes e lembrar que sempre tem mais gente precisando de n\u00f3s\u201d.<\/p>\n\n\n\n<p>Cristiana Cicera Ten\u00f3rio, 40 anos, t\u00e9cnica em enfermagem h\u00e1 18 anos e m\u00e3e de dois filhos, sempre se coloca no lugar dos outros. \u201cEu cuido com muito carinho e amor. Aqui \u00e9 nossa 2\u00aa casa, eles fazem parte da nossa fam\u00edlia. O meu maior prazer \u00e9 que eles saiam com sa\u00fade e com seus pais\u201d. Como m\u00e3e, Cristiane conta que \u00e9 gratificante trabalhar com rec\u00e9m-nascidos e ver a vit\u00f3ria dos pequenos.<\/p>\n\n\n\n<figure class=\"wp-block-image size-large\"><img loading=\"lazy\" decoding=\"async\" width=\"960\" height=\"720\" src=\"https:\/\/tvtecjundiai.com.br\/news\/wp-content\/uploads\/sites\/2\/2021\/05\/cris.jpg\" alt=\"\" class=\"wp-image-75532\" srcset=\"https:\/\/tvtecjundiai.com.br\/news\/wp-content\/uploads\/sites\/2\/2021\/05\/cris.jpg 960w, https:\/\/tvtecjundiai.com.br\/news\/wp-content\/uploads\/sites\/2\/2021\/05\/cris-300x225.jpg 300w, https:\/\/tvtecjundiai.com.br\/news\/wp-content\/uploads\/sites\/2\/2021\/05\/cris-768x576.jpg 768w\" sizes=\"auto, (max-width: 960px) 100vw, 960px\" \/><figcaption>Cristiana Cicera Ten\u00f3rio, 40 anos, t\u00e9cnica em enfermagem h\u00e1 18 anos e m\u00e3e de dois filhos, sempre se coloca no lugar dos outros<\/figcaption><\/figure>\n\n\n\n<p>Anita, Priscila, Pamela, Cristiane, Leilane, Ivanete, Cibele, Danielle, Leslie, entre outros, fazem parte dos 350 profissionais que trabalham no HU e cada um possui o perfil ideal para atuar em uma unidade de emerg\u00eancia que necessita de comprometimento com o paciente, capacita\u00e7\u00f5es espec\u00edficas e engajamento com a equipe multiprofissional.<\/p>\n\n\n\n<p>E pensando nestes profissionais que tanto fazem pelo HU, essa semana ser\u00e1 especial com sorteios de pr\u00eamios, distribui\u00e7\u00e3o de brindes, caf\u00e9s especiais e muitas homenagens.<\/p>\n\n\n\n<p><em>(Texto\/Imagens: Prefeitura de Jundia\u00ed)<\/em><\/p>\n","protected":false},"excerpt":{"rendered":"<p>Enfermeiras do HU contam como \u00e9 ser m\u00e3e e trabalhar no hospital que \u00e9 especializado em atender crian\u00e7as <\/p>\n","protected":false},"author":28,"featured_media":75531,"comment_status":"closed","ping_status":"closed","sticky":false,"template":"","format":"standard","meta":{"footnotes":""},"categories":[8356,1],"tags":[],"class_list":["post-75528","post","type-post","status-publish","format-standard","has-post-thumbnail","hentry","category-jundiai","category-noticias"],"_links":{"self":[{"href":"https:\/\/tvtecjundiai.com.br\/news\/wp-json\/wp\/v2\/posts\/75528","targetHints":{"allow":["GET"]}}],"collection":[{"href":"https:\/\/tvtecjundiai.com.br\/news\/wp-json\/wp\/v2\/posts"}],"about":[{"href":"https:\/\/tvtecjundiai.com.br\/news\/wp-json\/wp\/v2\/types\/post"}],"author":[{"embeddable":true,"href":"https:\/\/tvtecjundiai.com.br\/news\/wp-json\/wp\/v2\/users\/28"}],"replies":[{"embeddable":true,"href":"https:\/\/tvtecjundiai.com.br\/news\/wp-json\/wp\/v2\/comments?post=75528"}],"version-history":[{"count":1,"href":"https:\/\/tvtecjundiai.com.br\/news\/wp-json\/wp\/v2\/posts\/75528\/revisions"}],"predecessor-version":[{"id":75533,"href":"https:\/\/tvtecjundiai.com.br\/news\/wp-json\/wp\/v2\/posts\/75528\/revisions\/75533"}],"wp:featuredmedia":[{"embeddable":true,"href":"https:\/\/tvtecjundiai.com.br\/news\/wp-json\/wp\/v2\/media\/75531"}],"wp:attachment":[{"href":"https:\/\/tvtecjundiai.com.br\/news\/wp-json\/wp\/v2\/media?parent=75528"}],"wp:term":[{"taxonomy":"category","embeddable":true,"href":"https:\/\/tvtecjundiai.com.br\/news\/wp-json\/wp\/v2\/categories?post=75528"},{"taxonomy":"post_tag","embeddable":true,"href":"https:\/\/tvtecjundiai.com.br\/news\/wp-json\/wp\/v2\/tags?post=75528"}],"curies":[{"name":"wp","href":"https:\/\/api.w.org\/{rel}","templated":true}]}}