{"id":75534,"date":"2021-05-10T16:33:51","date_gmt":"2021-05-10T19:33:51","guid":{"rendered":"https:\/\/tvtecjundiai.com.br\/news\/?p=75534"},"modified":"2021-05-10T16:39:01","modified_gmt":"2021-05-10T19:39:01","slug":"funcionarios-da-prefeitura-de-jundiai-arrecadam-doacoes-para-o-fundo-social-2","status":"publish","type":"post","link":"https:\/\/tvtecjundiai.com.br\/news\/2021\/05\/10\/funcionarios-da-prefeitura-de-jundiai-arrecadam-doacoes-para-o-fundo-social-2\/","title":{"rendered":"Funcion\u00e1rios da Prefeitura de Jundia\u00ed arrecadam doa\u00e7\u00f5es para o Fundo Social"},"content":{"rendered":"\n<p>As doa\u00e7\u00f5es para a Campanha Permanente do Fundo Social chegam \u00e0 sede da unidade, no Parque da Uva, todos os dias, por meio de diferentes iniciativas e mobilizando os mais variados grupos. Com os funcion\u00e1rios da Unidade de Administra\u00e7\u00e3o e Gest\u00e3o de Pessoas da Prefeitura de Jundia\u00ed n\u00e3o foi diferente.<\/p>\n\n\n\n<p>A partir de uma a\u00e7\u00e3o interna, cerca de 150 colaboradores se uniram e, juntos de familiares e amigos, arrecadaram produtos de higiene pessoal e de limpeza. A assistente administrativa Maria Cristina de Oliveira foi uma das participantes. Funcion\u00e1ria h\u00e1 21 anos, ela contou sobre a alegria em contribuir: \u201cNa minha casa, j\u00e1 temos o h\u00e1bito de ajudar quem precisa. Quando o pessoal do trabalho se animou em arrecadar os produtos fiquei muito feliz e decidi participar tamb\u00e9m. \u00c9 muito bom porque a gente acha que est\u00e1 ajudando somente ao pr\u00f3ximo, mas, na verdade, percebe que todo mundo ganha\u201d.<\/p>\n\n\n\n<p>\u201cVer o envolvimento dos profissionais \u00e9 uma felicidade porque consolida o nosso papel, enquanto servidores municipais. Estamos satisfeitos com o resultado e j\u00e1 pensando em futuras a\u00e7\u00f5es\u201d, explicou Eloi de Castro Neto, gestor-adjunto de Administra\u00e7\u00e3o.<\/p>\n\n\n\n<figure class=\"wp-block-image size-large\"><img loading=\"lazy\" decoding=\"async\" width=\"1200\" height=\"865\" src=\"https:\/\/tvtecjundiai.com.br\/news\/wp-content\/uploads\/sites\/2\/2021\/05\/funss_administracao-3-1200x865.jpg\" alt=\"\" class=\"wp-image-75535\" srcset=\"https:\/\/tvtecjundiai.com.br\/news\/wp-content\/uploads\/sites\/2\/2021\/05\/funss_administracao-3-1200x865.jpg 1200w, https:\/\/tvtecjundiai.com.br\/news\/wp-content\/uploads\/sites\/2\/2021\/05\/funss_administracao-3-300x216.jpg 300w, https:\/\/tvtecjundiai.com.br\/news\/wp-content\/uploads\/sites\/2\/2021\/05\/funss_administracao-3-768x554.jpg 768w, https:\/\/tvtecjundiai.com.br\/news\/wp-content\/uploads\/sites\/2\/2021\/05\/funss_administracao-3.jpg 1280w\" sizes=\"auto, (max-width: 1200px) 100vw, 1200px\" \/><figcaption>Funcion\u00e1rios se mobilizaram e doaram produtos de higiene pessoal e de limpeza<\/figcaption><\/figure>\n\n\n\n<p>Outra iniciativa que vem fazendo a diferen\u00e7a \u00e9 a \u201cCampanha para Doa\u00e7\u00e3o de Fraldas\u201d, da Funda\u00e7\u00e3o Escola TVTEC Jundia\u00ed. At\u00e9 o dia 19 de maio (quarta-feira), os interessados em colaborar poder\u00e3o entregar, diretamente na sede da TVTEC, fraldas geri\u00e1tricas e infantis, nos tamanhos G e GG. O endere\u00e7o \u00e9 Avenida Dr. Cavalcante, 396, Vila Arens. J\u00e1 o funcionamento \u00e9 de segunda a sexta-feira, das 9h \u00e0s 17h (exceto feriados). \u201cNossos profissionais mobilizam a popula\u00e7\u00e3o por meio de todas as redes e multicanais, al\u00e9m dos cursos e transmiss\u00f5es ao vivo. Al\u00e9m disso, familiares e amigos tamb\u00e9m est\u00e3o engajados em contribuir com esta rede do bem que s\u00f3 cresce na cidade\u201d, afirmou a superintendente da TVTEC, M\u00f4nica Gropelo.<\/p>\n\n\n\n<figure class=\"wp-block-image size-large\"><img loading=\"lazy\" decoding=\"async\" width=\"1200\" height=\"648\" src=\"https:\/\/tvtecjundiai.com.br\/news\/wp-content\/uploads\/sites\/2\/2021\/05\/funss_tvtec-1200x648.jpg\" alt=\"\" class=\"wp-image-75536\" srcset=\"https:\/\/tvtecjundiai.com.br\/news\/wp-content\/uploads\/sites\/2\/2021\/05\/funss_tvtec-1200x648.jpg 1200w, https:\/\/tvtecjundiai.com.br\/news\/wp-content\/uploads\/sites\/2\/2021\/05\/funss_tvtec-300x162.jpg 300w, https:\/\/tvtecjundiai.com.br\/news\/wp-content\/uploads\/sites\/2\/2021\/05\/funss_tvtec-768x415.jpg 768w, https:\/\/tvtecjundiai.com.br\/news\/wp-content\/uploads\/sites\/2\/2021\/05\/funss_tvtec.jpg 1280w\" sizes=\"auto, (max-width: 1200px) 100vw, 1200px\" \/><figcaption>Campanha para doa\u00e7\u00e3o de fraldas seguir\u00e1 at\u00e9 o dia 19 de maio<\/figcaption><\/figure>\n\n\n\n<p>\u201cEstas duas a\u00e7\u00f5es consolidam a integra\u00e7\u00e3o e o trabalho consistente entre as unidades da Prefeitura de Jundia\u00ed em benef\u00edcio da popula\u00e7\u00e3o. Estou muito feliz com as iniciativas e tenho certeza de que fortalecer\u00e3o ainda mais o atendimento \u00e0s fam\u00edlias em vulnerabilidade\u201d, afirmou Vanessa Machado, presidente do Funss.<\/p>\n\n\n\n<p>Al\u00e9m dos produtos de higiene pessoal e de limpeza, bem como fraldas para crian\u00e7as e adultos, a Campanha Permanente do Fundo Social tamb\u00e9m recebe alimentos n\u00e3o perec\u00edveis; leite longa vida ou em p\u00f3; absorventes higi\u00eanicos descart\u00e1veis; \u00e1gua mineral; roupas, cal\u00e7ados e toalhas de banho; ra\u00e7\u00e3o para animais; e saco de lixo.<\/p>\n\n\n\n<p>Os itens devem ser entregues, diretamente, na sede do Fundo Social, localizado dentro do Parque da Uva. O acesso \u00e9 pela avenida Dona Manoela Lacerda de Vergueiro, s\/n, port\u00e3o 03, bairro Anhangaba\u00fa. O funcionamento da unidade \u00e9 de segunda a sexta-feira, das 8h \u00e0s 17h, exceto feriados. Informa\u00e7\u00f5es: (11) 4521-2762, 4521-2929 e 4521-6833.<\/p>\n\n\n\n<p><em>(Texto\/Imagem: Prefeitura de Jundia\u00ed)<\/em><\/p>\n","protected":false},"excerpt":{"rendered":"<p>Itens de higiene e de limpeza, al\u00e9m de fraldas infantis e geri\u00e1tricas foram doados ao FUNSS <\/p>\n","protected":false},"author":28,"featured_media":75538,"comment_status":"closed","ping_status":"closed","sticky":false,"template":"","format":"standard","meta":{"footnotes":""},"categories":[8356,1],"tags":[],"class_list":["post-75534","post","type-post","status-publish","format-standard","has-post-thumbnail","hentry","category-jundiai","category-noticias"],"_links":{"self":[{"href":"https:\/\/tvtecjundiai.com.br\/news\/wp-json\/wp\/v2\/posts\/75534","targetHints":{"allow":["GET"]}}],"collection":[{"href":"https:\/\/tvtecjundiai.com.br\/news\/wp-json\/wp\/v2\/posts"}],"about":[{"href":"https:\/\/tvtecjundiai.com.br\/news\/wp-json\/wp\/v2\/types\/post"}],"author":[{"embeddable":true,"href":"https:\/\/tvtecjundiai.com.br\/news\/wp-json\/wp\/v2\/users\/28"}],"replies":[{"embeddable":true,"href":"https:\/\/tvtecjundiai.com.br\/news\/wp-json\/wp\/v2\/comments?post=75534"}],"version-history":[{"count":1,"href":"https:\/\/tvtecjundiai.com.br\/news\/wp-json\/wp\/v2\/posts\/75534\/revisions"}],"predecessor-version":[{"id":75537,"href":"https:\/\/tvtecjundiai.com.br\/news\/wp-json\/wp\/v2\/posts\/75534\/revisions\/75537"}],"wp:featuredmedia":[{"embeddable":true,"href":"https:\/\/tvtecjundiai.com.br\/news\/wp-json\/wp\/v2\/media\/75538"}],"wp:attachment":[{"href":"https:\/\/tvtecjundiai.com.br\/news\/wp-json\/wp\/v2\/media?parent=75534"}],"wp:term":[{"taxonomy":"category","embeddable":true,"href":"https:\/\/tvtecjundiai.com.br\/news\/wp-json\/wp\/v2\/categories?post=75534"},{"taxonomy":"post_tag","embeddable":true,"href":"https:\/\/tvtecjundiai.com.br\/news\/wp-json\/wp\/v2\/tags?post=75534"}],"curies":[{"name":"wp","href":"https:\/\/api.w.org\/{rel}","templated":true}]}}