{"id":75544,"date":"2021-05-10T17:16:51","date_gmt":"2021-05-10T20:16:51","guid":{"rendered":"https:\/\/tvtecjundiai.com.br\/news\/?p=75544"},"modified":"2021-05-10T17:21:07","modified_gmt":"2021-05-10T20:21:07","slug":"com-opcao-de-sete-cursos-gratuitos-fatec-jundiai-abre-inscricoes-para-vestibular","status":"publish","type":"post","link":"https:\/\/tvtecjundiai.com.br\/news\/2021\/05\/10\/com-opcao-de-sete-cursos-gratuitos-fatec-jundiai-abre-inscricoes-para-vestibular\/","title":{"rendered":"Com op\u00e7\u00e3o de sete cursos gratuitos, Fatec Jundia\u00ed abre inscri\u00e7\u00f5es para vestibular"},"content":{"rendered":"\n<p>As Faculdades de Tecnologia do Estado (Fatec) iniciaram, nesta segunda-feira (10), o processo seletivo para o segundo semestre. Em Jundia\u00ed, os cursos oferecidos s\u00e3o de An\u00e1lise e Desenvolvimento de Sistemas, Eventos, Gest\u00e3o Ambiental, Gest\u00e3o da Tecnologia da Informa\u00e7\u00e3o, Gest\u00e3o Empresarial, Log\u00edstica e Sistemas Embarcados. Cada curso possui 40 vagas dispon\u00edveis e abrangem os per\u00edodos matutino, vespertino e noturno.<\/p>\n\n\n\n<p>Os interessados dever\u00e3o se inscrever exclusivamente pelo site vestibularfatec.com.br, at\u00e9 as 15h do dia 7 de junho. O valor da taxa de inscri\u00e7\u00e3o \u00e9 de R$ 39. A sele\u00e7\u00e3o dos candidatos ser\u00e1 feita por meio da an\u00e1lise de hist\u00f3rico escolar. N\u00e3o ser\u00e1 necess\u00e1rio prova presencial ou online.<\/p>\n\n\n\n<p>Ser\u00e3o avaliadas as notas de L\u00edngua Portuguesa e Matem\u00e1tica da segunda s\u00e9rie do Ensino M\u00e9dio. Candidatos que est\u00e3o cursando o Ensino M\u00e9dio por meio da Educa\u00e7\u00e3o de Jovens e Adultos (EJA) ou modalidade semelhante podem apresentar notas referentes ao segundo termo deste ciclo, desde que no ato da matr\u00edcula comprovem a conclus\u00e3o do Ensino M\u00e9dio.<\/p>\n\n\n\n<p>A mudan\u00e7a do crit\u00e9rio de avalia\u00e7\u00e3o foi necess\u00e1ria para atender ao distanciamento social, recomendado pelo Governo do Estado de S\u00e3o Paulo e autoridades sanit\u00e1rias, com o intuito de preservar a sa\u00fade dos candidatos.<\/p>\n\n\n\n<p>A previs\u00e3o \u00e9 de que as aulas iniciem de forma remota. O retorno para o formato presencial deve ocorrer quando as metas para flexibiliza\u00e7\u00e3o da quarentena forem alcan\u00e7adas.<\/p>\n\n\n\n<p>Confira abaixo o calend\u00e1rio:<\/p>\n\n\n\n<div class=\"wp-block-image\"><figure class=\"aligncenter size-large\"><img loading=\"lazy\" decoding=\"async\" width=\"526\" height=\"526\" src=\"https:\/\/tvtecjundiai.com.br\/news\/wp-content\/uploads\/sites\/2\/2021\/05\/WhatsApp-Image-2021-05-10-at-17.18.16.jpeg\" alt=\"\" class=\"wp-image-75548\" srcset=\"https:\/\/tvtecjundiai.com.br\/news\/wp-content\/uploads\/sites\/2\/2021\/05\/WhatsApp-Image-2021-05-10-at-17.18.16.jpeg 526w, https:\/\/tvtecjundiai.com.br\/news\/wp-content\/uploads\/sites\/2\/2021\/05\/WhatsApp-Image-2021-05-10-at-17.18.16-300x300.jpeg 300w, https:\/\/tvtecjundiai.com.br\/news\/wp-content\/uploads\/sites\/2\/2021\/05\/WhatsApp-Image-2021-05-10-at-17.18.16-100x100.jpeg 100w\" sizes=\"auto, (max-width: 526px) 100vw, 526px\" \/><\/figure><\/div>\n\n\n\n<p>Saiba mais<\/p>\n\n\n\n<p>A Fatec Jundia\u00ed \u2013 Deputado Ary Fossen, est\u00e1 localizada na avenida Uni\u00e3o dos Ferrovi\u00e1rios, 1760 \u2013 Centro. Para saber mais, basta entrar em contato pelos telefones (11) 4522-7549 e (11) 4523-0092, e-mail f114.secretaria@fatec.sp.gov.br ou site.<\/p>\n\n\n\n<p><em>(Texto: Assessoria de Imprensa)<\/em><\/p>\n","protected":false},"excerpt":{"rendered":"<p>Cada curso possui 40 vagas dispon\u00edveis e abrangem os per\u00edodos matutino, vespertino e noturno<\/p>\n","protected":false},"author":28,"featured_media":75545,"comment_status":"closed","ping_status":"closed","sticky":false,"template":"","format":"standard","meta":{"footnotes":""},"categories":[8356,1],"tags":[],"class_list":["post-75544","post","type-post","status-publish","format-standard","has-post-thumbnail","hentry","category-jundiai","category-noticias"],"_links":{"self":[{"href":"https:\/\/tvtecjundiai.com.br\/news\/wp-json\/wp\/v2\/posts\/75544","targetHints":{"allow":["GET"]}}],"collection":[{"href":"https:\/\/tvtecjundiai.com.br\/news\/wp-json\/wp\/v2\/posts"}],"about":[{"href":"https:\/\/tvtecjundiai.com.br\/news\/wp-json\/wp\/v2\/types\/post"}],"author":[{"embeddable":true,"href":"https:\/\/tvtecjundiai.com.br\/news\/wp-json\/wp\/v2\/users\/28"}],"replies":[{"embeddable":true,"href":"https:\/\/tvtecjundiai.com.br\/news\/wp-json\/wp\/v2\/comments?post=75544"}],"version-history":[{"count":2,"href":"https:\/\/tvtecjundiai.com.br\/news\/wp-json\/wp\/v2\/posts\/75544\/revisions"}],"predecessor-version":[{"id":75549,"href":"https:\/\/tvtecjundiai.com.br\/news\/wp-json\/wp\/v2\/posts\/75544\/revisions\/75549"}],"wp:featuredmedia":[{"embeddable":true,"href":"https:\/\/tvtecjundiai.com.br\/news\/wp-json\/wp\/v2\/media\/75545"}],"wp:attachment":[{"href":"https:\/\/tvtecjundiai.com.br\/news\/wp-json\/wp\/v2\/media?parent=75544"}],"wp:term":[{"taxonomy":"category","embeddable":true,"href":"https:\/\/tvtecjundiai.com.br\/news\/wp-json\/wp\/v2\/categories?post=75544"},{"taxonomy":"post_tag","embeddable":true,"href":"https:\/\/tvtecjundiai.com.br\/news\/wp-json\/wp\/v2\/tags?post=75544"}],"curies":[{"name":"wp","href":"https:\/\/api.w.org\/{rel}","templated":true}]}}