{"id":75550,"date":"2021-05-11T10:16:00","date_gmt":"2021-05-11T13:16:00","guid":{"rendered":"https:\/\/tvtecjundiai.com.br\/news\/?p=75550"},"modified":"2021-05-11T13:05:40","modified_gmt":"2021-05-11T16:05:40","slug":"de-jundiai-para-os-palcos-da-xuxa","status":"publish","type":"post","link":"https:\/\/tvtecjundiai.com.br\/news\/2021\/05\/11\/de-jundiai-para-os-palcos-da-xuxa\/","title":{"rendered":"De Jundia\u00ed para os palcos da Xuxa"},"content":{"rendered":"\n<p>Quem foi crian\u00e7a na d\u00e9cada de 80 e 90 provavelmente acompanhou o \u201cXou da Xuxa\u201d, programa infantil apresentado por Xuxa Meneghel. E quem n\u00e3o se lembra tamb\u00e9m das famosas \u201cpaquitas\u201d, o grupo de dan\u00e7arinas que acompanhava a apresentadora?<\/p>\n\n\n\n<p>Lindas e loiras, as paquitas eram o sonho de muitas meninas que desejavam se apresentar ao lado de Xuxa. O que poucos sabem \u00e9 que uma aluna dos cursos oferecidos pela TVTEC, moradora de Jundia\u00ed, conseguiu realizar este sonho e fazer parte das paquitas.<\/p>\n\n\n\n<div class=\"wp-block-image\"><figure class=\"aligncenter size-large\"><img loading=\"lazy\" decoding=\"async\" width=\"682\" height=\"600\" src=\"https:\/\/tvtecjundiai.com.br\/news\/wp-content\/uploads\/sites\/2\/2021\/05\/paquita.jpeg\" alt=\"\" class=\"wp-image-75551\" srcset=\"https:\/\/tvtecjundiai.com.br\/news\/wp-content\/uploads\/sites\/2\/2021\/05\/paquita.jpeg 682w, https:\/\/tvtecjundiai.com.br\/news\/wp-content\/uploads\/sites\/2\/2021\/05\/paquita-300x264.jpeg 300w\" sizes=\"auto, (max-width: 682px) 100vw, 682px\" \/><figcaption>Daiane, de vermelho, do lado esquerdo na primeira fileira<\/figcaption><\/figure><\/div>\n\n\n\n<p>Em 2003, a jundiaiense Daiane Ciarrocchi, 34 anos, fez parte do \u201cO Mundo da Xuxa\u201d. Como o fim do programa televisivo, a apresentadora apostou em um parque tem\u00e1tico em S\u00e3o Paulo capital e recrutou atrizes e dan\u00e7arinas para sua nova trupe. Dentre elas, estava Daiane que trabalhava desde pequena como atriz mirim. \u201cNessa \u00e9poca n\u00e3o existia mais paquitas no programa e eu nunca poderia imaginar que ainda teria essa chance. Foi meu sonho de crian\u00e7a, eu escrevia cartas e colocava no correio sonhando que um dia ela ia ler e me chamar\u201d, relembra Daiane. \u201cEu participei das audi\u00e7\u00f5es sem saber o que seria, achava que era uma pe\u00e7a de teatro ou musical. At\u00e9 que de uma janela eu pude ver parte da cenografia do parque com muito &#8220;X&#8221; por toda parte\u201d.<\/p>\n\n\n\n<p>A ent\u00e3o atriz relembra que n\u00e3o sabia dan\u00e7ar e n\u00e3o imaginava que pudesse ser escolhida. \u201cEu n\u00e3o era bailarina, nunca tive oportunidade de estudar dan\u00e7a quando crian\u00e7a. Aconteceu porque tinha que ser\u201d.<\/p>\n\n\n\n<p>Por conta dessa oportunidade, a ex-paquita conta que muitas portas se abriram. \u201cTive muitas oportunidades de trabalho no teatro, em navios e at\u00e9 passei um tempo em Londres, mas sempre que eu estava em outros trabalhos, nosso diretor de elenco do parque me chamava para novas oportunidades. Ao longo dos anos, eu tamb\u00e9m coreografei e apresentei shows e fiz outros personagens onde fiquei at\u00e9 2012, quando tive minha filha\u201d, lembra.<\/p>\n\n\n\n<p>Sobre seu relacionamento com a \u2018rainha dos baixinhos\u2019, Daiane se lembra com muito carinho. \u201cAo longo dos anos participei de in\u00fameros eventos com ela. Foram oito anos, com muito orgulho, aprendi muito sobre ser artista e apesar de n\u00e3o conviver todos os dias com ela pessoalmente, fazer parte daquele mundo me fez admirar tudo o que ela representa para tantas pessoas que se sentem representadas por ela. Ela \u00e9 um ser humano especial e uma artista incr\u00edvel\u201d, diz.<\/p>\n\n\n\n<div class=\"wp-block-image\"><figure class=\"aligncenter size-large\"><img loading=\"lazy\" decoding=\"async\" width=\"640\" height=\"640\" src=\"https:\/\/tvtecjundiai.com.br\/news\/wp-content\/uploads\/sites\/2\/2021\/05\/WhatsApp-Image-2021-04-21-at-13.09.29.jpeg\" alt=\"\" class=\"wp-image-75552\" srcset=\"https:\/\/tvtecjundiai.com.br\/news\/wp-content\/uploads\/sites\/2\/2021\/05\/WhatsApp-Image-2021-04-21-at-13.09.29.jpeg 640w, https:\/\/tvtecjundiai.com.br\/news\/wp-content\/uploads\/sites\/2\/2021\/05\/WhatsApp-Image-2021-04-21-at-13.09.29-300x300.jpeg 300w, https:\/\/tvtecjundiai.com.br\/news\/wp-content\/uploads\/sites\/2\/2021\/05\/WhatsApp-Image-2021-04-21-at-13.09.29-100x100.jpeg 100w\" sizes=\"auto, (max-width: 640px) 100vw, 640px\" \/><figcaption>Daiane (ao centro, na frente da Xuxa) como paquita: sonho de crian\u00e7a<\/figcaption><\/figure><\/div>\n\n\n\n<p>Daiane se lembra de seu primeiro momento com a roupa, o quepe e a bota, o figurino cl\u00e1ssico da paquita. \u201cEu me atrapalhei toda com o cabelo, ela tirou meu quepe, arrumou meu cabelo colocou corretamente e disse: \u2018agora sim \u00e9 uma paquita\u2019. Eu nunca vou me esquecer\u201d.<\/p>\n\n\n\n<p>Mas para quem acha que trabalhar como paquita era \u2018s\u00f3 flores\u2019, se engana. \u201cComo eu n\u00e3o quis sair de Jundia\u00ed e n\u00e3o tinha condi\u00e7\u00f5es financeiras de morar em S\u00e3o Paulo, eu ficava seis horas por dia no trem. Eram tr\u00eas horas para ir e mais tr\u00eas na volta, indo direto para escola. Meus amigos e diretores de l\u00e1 falavam que eu era a paquita Jundia\u00ed\u201d, se diverte.<\/p>\n\n\n\n<p><em>(Texto: TVTEC\/Imagens: Arquivo Pessoal)<\/em><\/p>\n","protected":false},"excerpt":{"rendered":"<p>Aluna da TVTEC trabalhou como paquita em parque tem\u00e1tico da rainha dos baixinhos<\/p>\n","protected":false},"author":28,"featured_media":0,"comment_status":"closed","ping_status":"closed","sticky":false,"template":"","format":"standard","meta":{"footnotes":""},"categories":[1],"tags":[],"class_list":["post-75550","post","type-post","status-publish","format-standard","hentry","category-noticias"],"_links":{"self":[{"href":"https:\/\/tvtecjundiai.com.br\/news\/wp-json\/wp\/v2\/posts\/75550","targetHints":{"allow":["GET"]}}],"collection":[{"href":"https:\/\/tvtecjundiai.com.br\/news\/wp-json\/wp\/v2\/posts"}],"about":[{"href":"https:\/\/tvtecjundiai.com.br\/news\/wp-json\/wp\/v2\/types\/post"}],"author":[{"embeddable":true,"href":"https:\/\/tvtecjundiai.com.br\/news\/wp-json\/wp\/v2\/users\/28"}],"replies":[{"embeddable":true,"href":"https:\/\/tvtecjundiai.com.br\/news\/wp-json\/wp\/v2\/comments?post=75550"}],"version-history":[{"count":2,"href":"https:\/\/tvtecjundiai.com.br\/news\/wp-json\/wp\/v2\/posts\/75550\/revisions"}],"predecessor-version":[{"id":75565,"href":"https:\/\/tvtecjundiai.com.br\/news\/wp-json\/wp\/v2\/posts\/75550\/revisions\/75565"}],"wp:attachment":[{"href":"https:\/\/tvtecjundiai.com.br\/news\/wp-json\/wp\/v2\/media?parent=75550"}],"wp:term":[{"taxonomy":"category","embeddable":true,"href":"https:\/\/tvtecjundiai.com.br\/news\/wp-json\/wp\/v2\/categories?post=75550"},{"taxonomy":"post_tag","embeddable":true,"href":"https:\/\/tvtecjundiai.com.br\/news\/wp-json\/wp\/v2\/tags?post=75550"}],"curies":[{"name":"wp","href":"https:\/\/api.w.org\/{rel}","templated":true}]}}