{"id":75554,"date":"2021-05-11T09:02:29","date_gmt":"2021-05-11T12:02:29","guid":{"rendered":"https:\/\/tvtecjundiai.com.br\/news\/?p=75554"},"modified":"2021-05-11T09:02:29","modified_gmt":"2021-05-11T12:02:29","slug":"covid-19-jundiai-cancela-agendamento-de-vacinacao-para-gestantes-com-comorbidades","status":"publish","type":"post","link":"https:\/\/tvtecjundiai.com.br\/news\/2021\/05\/11\/covid-19-jundiai-cancela-agendamento-de-vacinacao-para-gestantes-com-comorbidades\/","title":{"rendered":"COVID-19: Jundia\u00ed cancela agendamento de vacina\u00e7\u00e3o para gestantes com comorbidades"},"content":{"rendered":"\n<p>A Unidade de Gest\u00e3o de Promo\u00e7\u00e3o da Sa\u00fade (UGPS) informa que em Jundia\u00ed que a aplica\u00e7\u00e3o da vacina contra COVID-19 do laborat\u00f3rio Astrazeneca\/Fiocruz em gestantes est\u00e1 suspensa, em atendimento \u00e0 recomenda\u00e7\u00e3o da Ag\u00eancia de Vigil\u00e2ncia Sanit\u00e1ria (Anvisa), emitida na noite da \u00faltima segunda-feira (10).<\/p>\n\n\n\n<div class=\"wp-block-image\"><figure class=\"aligncenter size-large\"><img loading=\"lazy\" decoding=\"async\" width=\"1152\" height=\"768\" src=\"https:\/\/tvtecjundiai.com.br\/news\/wp-content\/uploads\/sites\/2\/2021\/05\/vacinacao-covid-63-mais-na-paroquia-santo-antonio_c_-1.jpg\" alt=\"\" class=\"wp-image-75555\" srcset=\"https:\/\/tvtecjundiai.com.br\/news\/wp-content\/uploads\/sites\/2\/2021\/05\/vacinacao-covid-63-mais-na-paroquia-santo-antonio_c_-1.jpg 1152w, https:\/\/tvtecjundiai.com.br\/news\/wp-content\/uploads\/sites\/2\/2021\/05\/vacinacao-covid-63-mais-na-paroquia-santo-antonio_c_-1-300x200.jpg 300w, https:\/\/tvtecjundiai.com.br\/news\/wp-content\/uploads\/sites\/2\/2021\/05\/vacinacao-covid-63-mais-na-paroquia-santo-antonio_c_-1-768x512.jpg 768w\" sizes=\"auto, (max-width: 1152px) 100vw, 1152px\" \/><figcaption>Agendamento de vacina\u00e7\u00e3o contra a COVID-19 est\u00e1 suspenso at\u00e9 nova orienta\u00e7\u00e3o dos \u00f3rg\u00e3os Estadual e Federal<\/figcaption><\/figure><\/div>\n\n\n\n<p>O agendamento para esse p\u00fablico, que seria aberto nesta ter\u00e7a-feira (11), est\u00e1 cancelado at\u00e9 que o munic\u00edpio receba nova orienta\u00e7\u00e3o do Programa Nacional de Imuniza\u00e7\u00e3o (PEI).<\/p>\n\n\n\n<p><em>(Fonte\/Imagem: Prefeitura de Jundia\u00ed)<\/em><\/p>\n","protected":false},"excerpt":{"rendered":"<p>A medida atende \u00e0 recomenda\u00e7\u00e3o da Anvisa, emitida na noite da \u00faltima segunda (10)<\/p>\n","protected":false},"author":25,"featured_media":75555,"comment_status":"closed","ping_status":"closed","sticky":false,"template":"","format":"standard","meta":{"footnotes":""},"categories":[1,2839],"tags":[],"class_list":["post-75554","post","type-post","status-publish","format-standard","has-post-thumbnail","hentry","category-noticias","category-saude"],"_links":{"self":[{"href":"https:\/\/tvtecjundiai.com.br\/news\/wp-json\/wp\/v2\/posts\/75554","targetHints":{"allow":["GET"]}}],"collection":[{"href":"https:\/\/tvtecjundiai.com.br\/news\/wp-json\/wp\/v2\/posts"}],"about":[{"href":"https:\/\/tvtecjundiai.com.br\/news\/wp-json\/wp\/v2\/types\/post"}],"author":[{"embeddable":true,"href":"https:\/\/tvtecjundiai.com.br\/news\/wp-json\/wp\/v2\/users\/25"}],"replies":[{"embeddable":true,"href":"https:\/\/tvtecjundiai.com.br\/news\/wp-json\/wp\/v2\/comments?post=75554"}],"version-history":[{"count":1,"href":"https:\/\/tvtecjundiai.com.br\/news\/wp-json\/wp\/v2\/posts\/75554\/revisions"}],"predecessor-version":[{"id":75556,"href":"https:\/\/tvtecjundiai.com.br\/news\/wp-json\/wp\/v2\/posts\/75554\/revisions\/75556"}],"wp:featuredmedia":[{"embeddable":true,"href":"https:\/\/tvtecjundiai.com.br\/news\/wp-json\/wp\/v2\/media\/75555"}],"wp:attachment":[{"href":"https:\/\/tvtecjundiai.com.br\/news\/wp-json\/wp\/v2\/media?parent=75554"}],"wp:term":[{"taxonomy":"category","embeddable":true,"href":"https:\/\/tvtecjundiai.com.br\/news\/wp-json\/wp\/v2\/categories?post=75554"},{"taxonomy":"post_tag","embeddable":true,"href":"https:\/\/tvtecjundiai.com.br\/news\/wp-json\/wp\/v2\/tags?post=75554"}],"curies":[{"name":"wp","href":"https:\/\/api.w.org\/{rel}","templated":true}]}}