{"id":75557,"date":"2021-05-11T09:26:12","date_gmt":"2021-05-11T12:26:12","guid":{"rendered":"https:\/\/tvtecjundiai.com.br\/news\/?p=75557"},"modified":"2021-05-11T09:26:12","modified_gmt":"2021-05-11T12:26:12","slug":"vacinacao-covid-19-saiba-quais-doencas-estao-habilitadas-e-as-comprovacoes","status":"publish","type":"post","link":"https:\/\/tvtecjundiai.com.br\/news\/2021\/05\/11\/vacinacao-covid-19-saiba-quais-doencas-estao-habilitadas-e-as-comprovacoes\/","title":{"rendered":"Vacina\u00e7\u00e3o COVID-19: saiba quais doen\u00e7as est\u00e3o habilitadas e \u00e0s comprova\u00e7\u00f5es"},"content":{"rendered":"\n<p>A vacina\u00e7\u00e3o contra a COVID-19 entra em nova fase nesta semana com a inclus\u00e3o das pessoas com comorbidades para a recep\u00e7\u00e3o da dose contra a infec\u00e7\u00e3o causada pelo Novo Coronav\u00edrus.\u00a0 A Prefeitura de Jundia\u00ed abre agendamento, nesta ter\u00e7a-feira (11) para a aplica\u00e7\u00e3o de forma a facilitar o acesso desses p\u00fablicos e evitar aglomera\u00e7\u00f5es desnecess\u00e1rias. \u00c9 importante se atentar \u00e0s doen\u00e7as, aos canais de agendamento e aos documentos necess\u00e1rios que devem ser apresentados no dia da vacina\u00e7\u00e3o, al\u00e9m do cadastro no site\u00a0<a href=\"https:\/\/vacinaja.sp.gov.br\/\">VacinaJ\u00e1, do Governo do Estado<\/a>.<\/p>\n\n\n\n<p><strong>APP Jundia\u00ed e site (vacina.jundiai.sp.gov.br), \u00e0s 16h. Aplica\u00e7\u00e3o em postos fixos<\/strong><\/p>\n\n\n\n<p>As pessoas com 55 a 59 anos e comorbidades citadas abaixo devem realizar o agendamento pelos canais digitais (APP Jundia\u00ed e&nbsp;<a href=\"https:\/\/vacina.jundiai.sp.gov.br\/agendamento\/?rand=467797254606\">site<\/a>) e apresentar documento que comprove a comorbidade no dia da aplica\u00e7\u00e3o. Ser\u00e3o aceitos: Receita m\u00e9dica ou relat\u00f3rio m\u00e9dico com CRM leg\u00edvel (constar doen\u00e7a com CID correspondente).<\/p>\n\n\n\n<p>Comorbidades para vacina\u00e7\u00e3o:<\/p>\n\n\n\n<ul class=\"wp-block-list\"><li>DIABETES MELLITUS \u2013 Qualquer indiv\u00edduo com diabetes.<\/li><li>PNEUMOPATIAS CR\u00d4NICAS GRAVES Indiv\u00edduos com pneumopatias graves incluindo doen\u00e7a pulmonar obstrutiva cr\u00f4nica, fibrose c\u00edstica, fibroses pulmonares, pneumoconioses, displasia broncopulmonar e asma grave (uso recorrente de corticoides sist\u00eamicos, interna\u00e7\u00e3o pr\u00e9via por crise asm\u00e1tica).<\/li><li>HIPERTENS\u00c3O ARTERIAL RESISTENTE (HAR) Quando a press\u00e3o arterial (PA) permanece acima das metas recomendadas com o uso de tr\u00eas ou mais anti-hipertensivos de diferentes classes, em doses m\u00e1ximas preconizadas e toleradas, administradas com frequ\u00eancia, dosagem apropriada e comprovada ades\u00e3o ou PA controlada em uso de quatro ou mais f\u00e1rmacos antihipertensivos.<\/li><li>HIPERTENS\u00c3O ARTERIAL EST\u00c1GIO 3 PA sist\u00f3lica 180mmHg e\/ou diast\u00f3lica 110mmHg \u2265 independente da presen\u00e7a de les\u00e3o em \u00f3rg\u00e3o-alvo (LOA) ou comorbidade.<\/li><li>HIPERTENS\u00c3O ARTERIAL EST\u00c1GIOS 1 E 2 COM LES\u00c3O EM \u00d3RG\u00c3O-ALVO E\/OU COMORBIDADE PA sist\u00f3lica entre 140 e 179mmHg e\/ou diast\u00f3lica entre 90 e 109mmHg na presen\u00e7a de les\u00e3o em \u00f3rg\u00e3o-alvo e\/ou comorbidade.<\/li><li>INSUFICI\u00caNCIA CARD\u00cdACA (IC) IC com fra\u00e7\u00e3o de eje\u00e7\u00e3o reduzida, intermedi\u00e1ria ou preservada; em est\u00e1gios B, C ou D, independente de classe funcional da New York Heart Association.<\/li><li>COR-PULMONALE E HIPERTENS\u00c3O PULMONAR Cor-pulmonale cr\u00f4nico, hipertens\u00e3o pulmonar prim\u00e1ria ou secund\u00e1ria.<\/li><li>CARDIOPATIA HIPERTENSIVA Cardiopatia hipertensiva (hipertrofia ventricular esquerda ou dilata\u00e7\u00e3o, sobrecarga atrial e ventricular, disfun\u00e7\u00e3o diast\u00f3lica e\/ou sist\u00f3lica, les\u00f5es em outros \u00f3rg\u00e3os-alvo).<\/li><li>S\u00cdNDROMES CORONARIANAS S\u00edndromes coronarianas cr\u00f4nicas (Angina Pectoris est\u00e1vel, cardiopatia isqu\u00eamica, p\u00f3s Infarto Agudo do Mioc\u00e1rdio, outras).<\/li><li>VALVOPATIAS Les\u00f5es valvares com repercuss\u00e3o hemodin\u00e2mica ou sintom\u00e1tica ou com comprometimento mioc\u00e1rdico (estenose ou insufici\u00eancia a\u00f3rtica; estenose ou insufici\u00eancia mitral; estenose ou insufici\u00eancia pulmonar; estenose ou insufici\u00eancia tric\u00faspide, e outras).<\/li><li>MIOCARDIOPATIAS E PERICARDIOPATIAS Miocardiopatias de quaisquer etiologias ou fen\u00f3tipos; pericardite cr\u00f4nica; cardiopatia reum\u00e1tica.<\/li><li>DOEN\u00c7AS DA AORTA, DOS GRANDES VASOS E F\u00cdSTULAS ARTERIOVENOSAS Aneurismas, dissec\u00e7\u00f5es, hematomas da aorta e demais grandes vasos.<\/li><li>ARRITMIAS CARD\u00cdACAS Arritmias card\u00edacas com import\u00e2ncia cl\u00ednica e\/ou cardiopatia associada (fibrila\u00e7\u00e3o e flutter atriais; e outras).<\/li><li>CARDIOPATIAS CONG\u00caNITA NO ADULTO Cardiopatias cong\u00eanitas com repercuss\u00e3o hemodin\u00e2mica, crises hipox\u00eamicas; insufici\u00eancia card\u00edaca; arritmias; comprometimento mioc\u00e1rdico.<\/li><li>PR\u00d3TESES VALVARES E DISPOSITIVOS CARD\u00cdACOS IMPLANTADOS Portadores de pr\u00f3teses valvares biol\u00f3gicas ou mec\u00e2nicas; e dispositivos card\u00edacos implantados (marca-passos, cardio desfibriladores, ressincronizadores, assist\u00eancia circulat\u00f3ria de m\u00e9dia e longa perman\u00eancia).<\/li><li>DOEN\u00c7A CEREBROVASCULAR \u2013 Acidente vascular cerebral isqu\u00eamico ou hemorr\u00e1gico; ataque isqu\u00eamico transit\u00f3rio; dem\u00eancia vascular.<\/li><li>DOEN\u00c7A RENAL CR\u00d4NICA Doen\u00e7a renal cr\u00f4nica est\u00e1gio 3 ou mais (taxa de filtra\u00e7\u00e3o glomerular &lt; 60 ml\/min\/1,73 m2) e\/ou s\u00edndrome nefr\u00f3tica.<\/li><li>HEMOGLOBINOPATIAS GRAVES Doen\u00e7a falciforme e talassemia maior.<\/li><li>OBESIDADE M\u00d3RBIDA \u00cdndice de massa corp\u00f3rea (IMC) 40 kg\/m \u2265 2.<\/li><li>CIRROSE HEP\u00c1TICA Cirrose hep\u00e1tica Child-Pugh A, B ou C.<\/li><\/ul>\n\n\n\n<p>As pessoas que se enquadram no grupo devem apresentar devem apresentar no momento da vacina\u00e7\u00e3o documento que comprove ser portador de comorbidades. Ser\u00e3o aceitos: receita m\u00e9dica ou relat\u00f3rio m\u00e9dico com CRM leg\u00edvel (no relat\u00f3rio m\u00e9dico deve constar a doen\u00e7a ou o CID corresponde). A aplica\u00e7\u00e3o ser\u00e1 realizada em postos fixos \u00e0 escolha do usu\u00e1rio no momento do agendamento.<\/p>\n\n\n\n<div class=\"wp-block-image\"><figure class=\"aligncenter size-large\"><img loading=\"lazy\" decoding=\"async\" width=\"1200\" height=\"800\" src=\"https:\/\/tvtecjundiai.com.br\/news\/wp-content\/uploads\/sites\/2\/2021\/05\/cece-aramis-polli_vacinacao-covid_profissionais-educacao-137-1200x800.jpg\" alt=\"\" class=\"wp-image-75558\" srcset=\"https:\/\/tvtecjundiai.com.br\/news\/wp-content\/uploads\/sites\/2\/2021\/05\/cece-aramis-polli_vacinacao-covid_profissionais-educacao-137-1200x800.jpg 1200w, https:\/\/tvtecjundiai.com.br\/news\/wp-content\/uploads\/sites\/2\/2021\/05\/cece-aramis-polli_vacinacao-covid_profissionais-educacao-137-300x200.jpg 300w, https:\/\/tvtecjundiai.com.br\/news\/wp-content\/uploads\/sites\/2\/2021\/05\/cece-aramis-polli_vacinacao-covid_profissionais-educacao-137-768x512.jpg 768w, https:\/\/tvtecjundiai.com.br\/news\/wp-content\/uploads\/sites\/2\/2021\/05\/cece-aramis-polli_vacinacao-covid_profissionais-educacao-137.jpg 1280w\" sizes=\"auto, (max-width: 1200px) 100vw, 1200px\" \/><figcaption>Vacina\u00e7\u00e3o ser\u00e1 feita em UBSs e em postos fixos, conforme o grupo contemplado<\/figcaption><\/figure><\/div>\n\n\n\n<p><strong>Agendamento via Central de Agendamento de Consulta (CAC) \u2013 4531-8670, \u00e0s 7h, com aplica\u00e7\u00e3o em UBS:<\/strong><\/p>\n\n\n\n<ul class=\"wp-block-list\"><li>Gestantes com comorbidades e pu\u00e9rperas (com at\u00e9 45 dias ap\u00f3s o parto) com comorbidades e com idade acima de 18 anos. Devem apresentar receita m\u00e9dica, relat\u00f3rio m\u00e9dico com CRM leg\u00edvel (constar doen\u00e7a ou CID correspondente); comprova\u00e7\u00e3o do estado gestacional (gestantes) ou certid\u00e3o de nascimento da crian\u00e7a (pu\u00e9rperas).<\/li><li>Transplantados de medula \u00f3ssea ou \u00f3rg\u00e3os s\u00f3lidos devem apresentar receita m\u00e9dica ou relat\u00f3rio com CRM leg\u00edvel (constar doen\u00e7a ou CID correspondente).<\/li><li>S\u00edndrome de down com idade a partir de 18 anos. N\u00e3o \u00e9 necess\u00e1ria apresenta\u00e7\u00e3o de documentos.<\/li><li>Pessoas com defici\u00eancia permanente cadastradas no BPC (Benef\u00edcio de Presta\u00e7\u00e3o Continuada) entre 55 a 59 anos devem apresentar o comprovante do benef\u00edcio recebido.<\/li><\/ul>\n\n\n\n<p><strong>Direto na cl\u00ednica de atendimento:<\/strong><\/p>\n\n\n\n<ul class=\"wp-block-list\"><li>Pessoas em tratamento de hemodi\u00e1lise e di\u00e1lise peritonial com mais de 18 anos ser\u00e3o vacinadas nas cl\u00ednicas de di\u00e1lise, sem a necessidade de agendamento por canal do Munic\u00edpio.<\/li><\/ul>\n\n\n\n<p><em>(Fonte\/Imagem: Prefeitura de Jundia\u00ed)<\/em><\/p>\n","protected":false},"excerpt":{"rendered":"<p>O agendamento para este p\u00fablico come\u00e7a nesta ter\u00e7a-feira (11), \u00e0s 16h<\/p>\n","protected":false},"author":25,"featured_media":75558,"comment_status":"closed","ping_status":"closed","sticky":false,"template":"","format":"standard","meta":{"footnotes":""},"categories":[1,2839],"tags":[],"class_list":["post-75557","post","type-post","status-publish","format-standard","has-post-thumbnail","hentry","category-noticias","category-saude"],"_links":{"self":[{"href":"https:\/\/tvtecjundiai.com.br\/news\/wp-json\/wp\/v2\/posts\/75557","targetHints":{"allow":["GET"]}}],"collection":[{"href":"https:\/\/tvtecjundiai.com.br\/news\/wp-json\/wp\/v2\/posts"}],"about":[{"href":"https:\/\/tvtecjundiai.com.br\/news\/wp-json\/wp\/v2\/types\/post"}],"author":[{"embeddable":true,"href":"https:\/\/tvtecjundiai.com.br\/news\/wp-json\/wp\/v2\/users\/25"}],"replies":[{"embeddable":true,"href":"https:\/\/tvtecjundiai.com.br\/news\/wp-json\/wp\/v2\/comments?post=75557"}],"version-history":[{"count":1,"href":"https:\/\/tvtecjundiai.com.br\/news\/wp-json\/wp\/v2\/posts\/75557\/revisions"}],"predecessor-version":[{"id":75559,"href":"https:\/\/tvtecjundiai.com.br\/news\/wp-json\/wp\/v2\/posts\/75557\/revisions\/75559"}],"wp:featuredmedia":[{"embeddable":true,"href":"https:\/\/tvtecjundiai.com.br\/news\/wp-json\/wp\/v2\/media\/75558"}],"wp:attachment":[{"href":"https:\/\/tvtecjundiai.com.br\/news\/wp-json\/wp\/v2\/media?parent=75557"}],"wp:term":[{"taxonomy":"category","embeddable":true,"href":"https:\/\/tvtecjundiai.com.br\/news\/wp-json\/wp\/v2\/categories?post=75557"},{"taxonomy":"post_tag","embeddable":true,"href":"https:\/\/tvtecjundiai.com.br\/news\/wp-json\/wp\/v2\/tags?post=75557"}],"curies":[{"name":"wp","href":"https:\/\/api.w.org\/{rel}","templated":true}]}}