{"id":75562,"date":"2021-05-11T09:36:31","date_gmt":"2021-05-11T12:36:31","guid":{"rendered":"https:\/\/tvtecjundiai.com.br\/news\/?p=75562"},"modified":"2021-05-11T09:36:31","modified_gmt":"2021-05-11T12:36:31","slug":"operacao-integrada-entre-forcas-policiais-de-jundiai-fiscaliza-transporte-clandestino","status":"publish","type":"post","link":"https:\/\/tvtecjundiai.com.br\/news\/2021\/05\/11\/operacao-integrada-entre-forcas-policiais-de-jundiai-fiscaliza-transporte-clandestino\/","title":{"rendered":"Opera\u00e7\u00e3o integrada entre for\u00e7as policiais de Jundia\u00ed fiscaliza transporte clandestino"},"content":{"rendered":"\n<p>Fiscais da Unidade de Mobilidade e Transporte participaram, na semana passada, de diferentes opera\u00e7\u00f5es voltadas \u00e0 fiscaliza\u00e7\u00e3o e ao combate de transporte clandestino de passageiros em Jundia\u00ed. Tamb\u00e9m participaram da a\u00e7\u00e3o a Guarda Municipal, a Pol\u00edcia Militar e profissionais da Artesp (Ag\u00eancia de Transporte do Estado de S\u00e3o Paulo). Os trabalhos ocorreram na quinta (06), sexta (07) e s\u00e1bado (08).<\/p>\n\n\n\n<figure class=\"wp-block-image size-large\"><img loading=\"lazy\" decoding=\"async\" width=\"1200\" height=\"800\" src=\"https:\/\/tvtecjundiai.com.br\/news\/wp-content\/uploads\/sites\/2\/2021\/05\/fiscalizacao_transporte_clandestino-18-1200x800.jpg\" alt=\"\" class=\"wp-image-75563\" srcset=\"https:\/\/tvtecjundiai.com.br\/news\/wp-content\/uploads\/sites\/2\/2021\/05\/fiscalizacao_transporte_clandestino-18-1200x800.jpg 1200w, https:\/\/tvtecjundiai.com.br\/news\/wp-content\/uploads\/sites\/2\/2021\/05\/fiscalizacao_transporte_clandestino-18-300x200.jpg 300w, https:\/\/tvtecjundiai.com.br\/news\/wp-content\/uploads\/sites\/2\/2021\/05\/fiscalizacao_transporte_clandestino-18-768x512.jpg 768w, https:\/\/tvtecjundiai.com.br\/news\/wp-content\/uploads\/sites\/2\/2021\/05\/fiscalizacao_transporte_clandestino-18.jpg 1280w\" sizes=\"auto, (max-width: 1200px) 100vw, 1200px\" \/><figcaption>Na \u00faltima sexta-feira (7), a fiscaliza\u00e7\u00e3o ocorreu na marginal do Rio Jundia\u00ed<\/figcaption><\/figure>\n\n\n\n<p>Ao todo, 35 ve\u00edculos foram abordados e, deste total, 12 motoristas n\u00e3o estavam licenciados para transporte de passageiros, um estava com licenciamento vencido e um n\u00e3o portava contrato de fretamento cont\u00ednuo junto \u00e0 Artesp.<\/p>\n\n\n\n<p>Outros motoristas tamb\u00e9m foram orientados durante todo o trabalho. Novas a\u00e7\u00f5es desse tipo continuar\u00e3o sendo realizadas na cidade.<\/p>\n\n\n\n<p><em>(Fonte\/Imagem: Prefeitura de Jundia\u00ed)<\/em><\/p>\n","protected":false},"excerpt":{"rendered":"<p>Ao todo, 35 ve\u00edculos foram abordados e, deste total, 12 motoristas n\u00e3o estavam licenciados <\/p>\n","protected":false},"author":25,"featured_media":75563,"comment_status":"closed","ping_status":"closed","sticky":false,"template":"","format":"standard","meta":{"footnotes":""},"categories":[5697,1],"tags":[],"class_list":["post-75562","post","type-post","status-publish","format-standard","has-post-thumbnail","hentry","category-mobilidade-noticias","category-noticias"],"_links":{"self":[{"href":"https:\/\/tvtecjundiai.com.br\/news\/wp-json\/wp\/v2\/posts\/75562","targetHints":{"allow":["GET"]}}],"collection":[{"href":"https:\/\/tvtecjundiai.com.br\/news\/wp-json\/wp\/v2\/posts"}],"about":[{"href":"https:\/\/tvtecjundiai.com.br\/news\/wp-json\/wp\/v2\/types\/post"}],"author":[{"embeddable":true,"href":"https:\/\/tvtecjundiai.com.br\/news\/wp-json\/wp\/v2\/users\/25"}],"replies":[{"embeddable":true,"href":"https:\/\/tvtecjundiai.com.br\/news\/wp-json\/wp\/v2\/comments?post=75562"}],"version-history":[{"count":1,"href":"https:\/\/tvtecjundiai.com.br\/news\/wp-json\/wp\/v2\/posts\/75562\/revisions"}],"predecessor-version":[{"id":75564,"href":"https:\/\/tvtecjundiai.com.br\/news\/wp-json\/wp\/v2\/posts\/75562\/revisions\/75564"}],"wp:featuredmedia":[{"embeddable":true,"href":"https:\/\/tvtecjundiai.com.br\/news\/wp-json\/wp\/v2\/media\/75563"}],"wp:attachment":[{"href":"https:\/\/tvtecjundiai.com.br\/news\/wp-json\/wp\/v2\/media?parent=75562"}],"wp:term":[{"taxonomy":"category","embeddable":true,"href":"https:\/\/tvtecjundiai.com.br\/news\/wp-json\/wp\/v2\/categories?post=75562"},{"taxonomy":"post_tag","embeddable":true,"href":"https:\/\/tvtecjundiai.com.br\/news\/wp-json\/wp\/v2\/tags?post=75562"}],"curies":[{"name":"wp","href":"https:\/\/api.w.org\/{rel}","templated":true}]}}