{"id":75577,"date":"2021-05-11T15:36:57","date_gmt":"2021-05-11T18:36:57","guid":{"rendered":"https:\/\/tvtecjundiai.com.br\/news\/?p=75577"},"modified":"2021-05-11T15:47:21","modified_gmt":"2021-05-11T18:47:21","slug":"empreendedora-de-jundiai-vence-o-covid-19-por-duas-vezes-2","status":"publish","type":"post","link":"https:\/\/tvtecjundiai.com.br\/news\/2021\/05\/11\/empreendedora-de-jundiai-vence-o-covid-19-por-duas-vezes-2\/","title":{"rendered":"Casal vence a COVID-19 por duas vezes em Jundia\u00ed"},"content":{"rendered":"\n<p>Logo no in\u00edcio da pandemia, a empreendedora de Jundia\u00ed, Ana Maria Tonelli de Souza, foi uma das in\u00fameras pessoas que contraiu o v\u00edrus. Ela e o marido testaram positivo para a COVID-19 no in\u00edcio de agosto de 2020. \u201cA gente s\u00f3 descobriu porque precisamos fazer o teste para retornar ao trabalho. Meu marido fez o teste e testou positivo, a\u00ed eu tamb\u00e9m fiz o teste e n\u00f3s j\u00e1 nos resguardamos\u201d, lembra. O casal ficou os 14 dias recomendados de quarentena, mas os sintomas eram leves. \u201cUm leve cansa\u00e7o, uma respira\u00e7\u00e3o um pouquinho mais ofegante\u201d, relembra.<\/p>\n\n\n\n<p>A grande surpresa veio depois, quando a empreendedora come\u00e7ou a desenvolver sintomas mais fortes da doen\u00e7a em dezembro. \u201cNa segunda vez, no dia 20 de dezembro, eu estava trabalhando e comecei a sentir calafrios e ficar febril, com uma sensa\u00e7\u00e3o ruim. E como eu j\u00e1 tinha tido a COVID e estava exposta porque precisava trabalhar, eu sabia que poderia ser\u201d, conta a empreendedora. Ela lembra que a suspeita veio por conta de uma dor de cabe\u00e7a persistente. \u201cAquela dor de cabe\u00e7a no fundo dos olhos, no meio da cabe\u00e7a, aquela coisa que n\u00e3o passa, fica latejando o dia inteiro. Quando eu comecei com essa dor de cabe\u00e7a, no mesmo dia j\u00e1 tive certeza que era COVID\u201d.<\/p>\n\n\n\n<p>Al\u00e9m de Ana, o marido tamb\u00e9m acabou contraindo o v\u00edrus e para piorar os filhos g\u00eameos pequenos tamb\u00e9m. \u201cA minha filha mais velha estava na casa do pai e nem retornou para gente ficar no resguardo, e os dois pequenininhos come\u00e7aram a apresentar febre\u201d.<\/p>\n\n\n\n<p>O jeito encontrado pela empreendedora foi seguir com a quarentena de uma maneira diferente. \u201cA gente ficou isolado num apartamento de 70 metros. Ent\u00e3o a gente teve que se reinventar\u201d, conta. Para entreter os filhos pequenos, o casal teve que \u2018liberar\u2019 a casa para a brincadeira. \u201cEnt\u00e3o tinha dia que tinha, sim, pintura na sacada. Era dia que tinha terra pela casa inteira para eles brincarem, tinha dia que era a parede virando obra de arte. Mas a gente deixava, porque n\u00e3o tinha outra op\u00e7\u00e3o\u201d.<\/p>\n\n\n\n<p>Os sintomas come\u00e7aram a melhorar depois de 10 dias com a doen\u00e7a. Para Ana, passar por tudo isso foi uma grande li\u00e7\u00e3o. \u201cEu acredito muito que tudo o que a gente passa tem que ser um aprendizado. \u00c9 algo que a gente tem que trazer pra nossa vida sim, rever os nossos valores. O que a gente espera da gente, o que a gente espera do mundo em si, das pessoas em si\u201d, diz.<\/p>\n\n\n\n<p><em>(Texto: TVTEC\/Imagem: Arquivo Pessoal) <\/em><\/p>\n\n\n\n<figure class=\"wp-block-embed is-type-video is-provider-youtube wp-block-embed-youtube wp-embed-aspect-16-9 wp-has-aspect-ratio\"><div class=\"wp-block-embed__wrapper\">\n<iframe loading=\"lazy\" title=\"Venci a COVID por duas vezes\" width=\"500\" height=\"281\" src=\"https:\/\/www.youtube.com\/embed\/eDrrBBPqScU?feature=oembed\" frameborder=\"0\" allow=\"accelerometer; autoplay; clipboard-write; encrypted-media; gyroscope; picture-in-picture; web-share\" referrerpolicy=\"strict-origin-when-cross-origin\" allowfullscreen><\/iframe>\n<\/div><\/figure>\n","protected":false},"excerpt":{"rendered":"<p>Ana Maria e o marido contra\u00edram o v\u00edrus por duas vezes; na segunda vez, filhos g\u00eameos tamb\u00e9m pegaram <\/p>\n","protected":false},"author":28,"featured_media":75582,"comment_status":"closed","ping_status":"closed","sticky":false,"template":"","format":"standard","meta":{"footnotes":""},"categories":[8356,1],"tags":[],"class_list":["post-75577","post","type-post","status-publish","format-standard","has-post-thumbnail","hentry","category-jundiai","category-noticias"],"_links":{"self":[{"href":"https:\/\/tvtecjundiai.com.br\/news\/wp-json\/wp\/v2\/posts\/75577","targetHints":{"allow":["GET"]}}],"collection":[{"href":"https:\/\/tvtecjundiai.com.br\/news\/wp-json\/wp\/v2\/posts"}],"about":[{"href":"https:\/\/tvtecjundiai.com.br\/news\/wp-json\/wp\/v2\/types\/post"}],"author":[{"embeddable":true,"href":"https:\/\/tvtecjundiai.com.br\/news\/wp-json\/wp\/v2\/users\/28"}],"replies":[{"embeddable":true,"href":"https:\/\/tvtecjundiai.com.br\/news\/wp-json\/wp\/v2\/comments?post=75577"}],"version-history":[{"count":3,"href":"https:\/\/tvtecjundiai.com.br\/news\/wp-json\/wp\/v2\/posts\/75577\/revisions"}],"predecessor-version":[{"id":75583,"href":"https:\/\/tvtecjundiai.com.br\/news\/wp-json\/wp\/v2\/posts\/75577\/revisions\/75583"}],"wp:featuredmedia":[{"embeddable":true,"href":"https:\/\/tvtecjundiai.com.br\/news\/wp-json\/wp\/v2\/media\/75582"}],"wp:attachment":[{"href":"https:\/\/tvtecjundiai.com.br\/news\/wp-json\/wp\/v2\/media?parent=75577"}],"wp:term":[{"taxonomy":"category","embeddable":true,"href":"https:\/\/tvtecjundiai.com.br\/news\/wp-json\/wp\/v2\/categories?post=75577"},{"taxonomy":"post_tag","embeddable":true,"href":"https:\/\/tvtecjundiai.com.br\/news\/wp-json\/wp\/v2\/tags?post=75577"}],"curies":[{"name":"wp","href":"https:\/\/api.w.org\/{rel}","templated":true}]}}