{"id":75598,"date":"2021-05-11T17:38:36","date_gmt":"2021-05-11T20:38:36","guid":{"rendered":"https:\/\/tvtecjundiai.com.br\/news\/?p=75598"},"modified":"2021-05-11T17:38:36","modified_gmt":"2021-05-11T20:38:36","slug":"paciente-e-preso-apos-furtar-objetos-do-pronto-atendimento-central-em-jundiai","status":"publish","type":"post","link":"https:\/\/tvtecjundiai.com.br\/news\/2021\/05\/11\/paciente-e-preso-apos-furtar-objetos-do-pronto-atendimento-central-em-jundiai\/","title":{"rendered":"Paciente \u00e9 preso ap\u00f3s furtar objetos do Pronto Atendimento Central em Jundia\u00ed"},"content":{"rendered":"\n<p>Guardas que integram o programa Bairro Seguro, detiveram nesta tarde (11) um homem de 37 anos que havia furtado objetos da sala de triagem do Pronto Atendimento Central. Ele estava passando por uma consulta e enquanto esperava ser chamado furtou a bolsa com objetos de enfermagem.<\/p>\n\n\n\n<p>Os guardas Jair e Arenhardt que trabalham no patrulhamento na \u00e1rea central, foram acionados pelos seguran\u00e7as do P.A. informando o fato baseado nas imagens do local.<\/p>\n\n\n\n<p>Os guardas rapidamente identificaram o sujeito que estava na sala de espera. Ao ser perguntado sobre o fato, ele disse que n\u00e3o era verdade, por\u00e9m, com as imagens, ele acabou confessando e disse que os objetos, sendo um estetosc\u00f3pio, um term\u00f4metro digital, ox\u00edmetro, uma calculadora e um medidor de press\u00e3o estavam em um saco pl\u00e1stico escondido na pra\u00e7a em frente ao Pronto Atendimento. Os guardas com os seguran\u00e7as confirmaram os objetos no saco pl\u00e1stico.<\/p>\n\n\n\n<p>A ocorr\u00eancia foi encaminhada at\u00e9 o 1\u00ba DP onde o delegado ratificou a voz de pris\u00e3o pela pr\u00e1tica de furto. Ele foi recolhido at\u00e9 o Centro de Triagem de Campo Limpo Paulista.<\/p>\n\n\n\n<p>Os objetos avaliados em R$ 1 mil foram devolvidos ao Pronto Atendimento.<\/p>\n\n\n\n<figure class=\"wp-block-image size-large\"><img loading=\"lazy\" decoding=\"async\" width=\"900\" height=\"437\" src=\"https:\/\/tvtecjundiai.com.br\/news\/wp-content\/uploads\/sites\/2\/2021\/05\/pa-900x437-1.jpeg\" alt=\"\" class=\"wp-image-75599\" srcset=\"https:\/\/tvtecjundiai.com.br\/news\/wp-content\/uploads\/sites\/2\/2021\/05\/pa-900x437-1.jpeg 900w, https:\/\/tvtecjundiai.com.br\/news\/wp-content\/uploads\/sites\/2\/2021\/05\/pa-900x437-1-300x146.jpeg 300w, https:\/\/tvtecjundiai.com.br\/news\/wp-content\/uploads\/sites\/2\/2021\/05\/pa-900x437-1-768x373.jpeg 768w\" sizes=\"auto, (max-width: 900px) 100vw, 900px\" \/><figcaption>Objetos foram recuperados pela Guarda Municipal de Jundia\u00ed<\/figcaption><\/figure>\n\n\n\n<p><em>(Texto\/Imagem: Assessoria de Imprensa)<\/em><\/p>\n","protected":false},"excerpt":{"rendered":"<p>Homem foi detido pela Guarda Municipal de Jundia\u00ed e levado ao Centro de Triagem de Campo Limpo Paulista<\/p>\n","protected":false},"author":28,"featured_media":75599,"comment_status":"closed","ping_status":"closed","sticky":false,"template":"","format":"standard","meta":{"footnotes":""},"categories":[8356,1],"tags":[],"class_list":["post-75598","post","type-post","status-publish","format-standard","has-post-thumbnail","hentry","category-jundiai","category-noticias"],"_links":{"self":[{"href":"https:\/\/tvtecjundiai.com.br\/news\/wp-json\/wp\/v2\/posts\/75598","targetHints":{"allow":["GET"]}}],"collection":[{"href":"https:\/\/tvtecjundiai.com.br\/news\/wp-json\/wp\/v2\/posts"}],"about":[{"href":"https:\/\/tvtecjundiai.com.br\/news\/wp-json\/wp\/v2\/types\/post"}],"author":[{"embeddable":true,"href":"https:\/\/tvtecjundiai.com.br\/news\/wp-json\/wp\/v2\/users\/28"}],"replies":[{"embeddable":true,"href":"https:\/\/tvtecjundiai.com.br\/news\/wp-json\/wp\/v2\/comments?post=75598"}],"version-history":[{"count":1,"href":"https:\/\/tvtecjundiai.com.br\/news\/wp-json\/wp\/v2\/posts\/75598\/revisions"}],"predecessor-version":[{"id":75600,"href":"https:\/\/tvtecjundiai.com.br\/news\/wp-json\/wp\/v2\/posts\/75598\/revisions\/75600"}],"wp:featuredmedia":[{"embeddable":true,"href":"https:\/\/tvtecjundiai.com.br\/news\/wp-json\/wp\/v2\/media\/75599"}],"wp:attachment":[{"href":"https:\/\/tvtecjundiai.com.br\/news\/wp-json\/wp\/v2\/media?parent=75598"}],"wp:term":[{"taxonomy":"category","embeddable":true,"href":"https:\/\/tvtecjundiai.com.br\/news\/wp-json\/wp\/v2\/categories?post=75598"},{"taxonomy":"post_tag","embeddable":true,"href":"https:\/\/tvtecjundiai.com.br\/news\/wp-json\/wp\/v2\/tags?post=75598"}],"curies":[{"name":"wp","href":"https:\/\/api.w.org\/{rel}","templated":true}]}}