{"id":75602,"date":"2021-05-11T17:45:11","date_gmt":"2021-05-11T20:45:11","guid":{"rendered":"https:\/\/tvtecjundiai.com.br\/news\/?p=75602"},"modified":"2021-05-11T17:45:11","modified_gmt":"2021-05-11T20:45:11","slug":"reforma-na-nova-ubs-agapeama-vila-esperanca-esta-em-reta-final","status":"publish","type":"post","link":"https:\/\/tvtecjundiai.com.br\/news\/2021\/05\/11\/reforma-na-nova-ubs-agapeama-vila-esperanca-esta-em-reta-final\/","title":{"rendered":"Reforma na Nova UBS Agapeama\/Vila Esperan\u00e7a est\u00e1 em reta final"},"content":{"rendered":"\n<p>Com uma popula\u00e7\u00e3o referenciada de 30 mil pessoas, a UBS Agapeama\/Vila Esperan\u00e7a est\u00e1 em fase final de reforma e ambi\u00eancia para passar a contar com o sistema de atendimento Nova UBS, com humaniza\u00e7\u00e3o, resolutividade e ambi\u00eancia para os usu\u00e1rios, refor\u00e7ados pelos programas \u2018Posso Ajudar\u2019 e \u2018Guardi\u00e3o da Sa\u00fade\u2019, que fazem parte as iniciativas agregadas ao servi\u00e7o.<\/p>\n\n\n\n<p>\u201cInvestir em Aten\u00e7\u00e3o B\u00e1sica \u00e9 promover a Sa\u00fade para a popula\u00e7\u00e3o. Desde o in\u00edcio da nossa gest\u00e3o realizamos investimentos precisos para a amplia\u00e7\u00e3o e qualifica\u00e7\u00e3o do servi\u00e7o prestado. Com a reforma do pr\u00e9dio e a implanta\u00e7\u00e3o do conceito Nova UBS o atendimento humanizado e resolutivo chega a mais um bairro da cidade\u201d, explica o Prefeito Luiz Fernando Machado.&nbsp;&nbsp;<\/p>\n\n\n\n<p>A entrega do pr\u00e9dio pronto est\u00e1 prevista para o pr\u00f3ximo m\u00eas, junho. O investimento foi de R$ 321 mil, aplicados na pintura, reforma do telhado e acessibilidade como o rebaixamento dos balc\u00f5es de atendimento, recep\u00e7\u00e3o e p\u00f3s-consulta.\u00a0O estacionamento tamb\u00e9m recebeu investimentos com a concretagem.<\/p>\n\n\n\n<figure class=\"wp-block-image size-large\"><img loading=\"lazy\" decoding=\"async\" width=\"1200\" height=\"800\" src=\"https:\/\/tvtecjundiai.com.br\/news\/wp-content\/uploads\/sites\/2\/2021\/05\/ubs-agapeama-3-1200x800.jpg\" alt=\"\" class=\"wp-image-75603\" srcset=\"https:\/\/tvtecjundiai.com.br\/news\/wp-content\/uploads\/sites\/2\/2021\/05\/ubs-agapeama-3-1200x800.jpg 1200w, https:\/\/tvtecjundiai.com.br\/news\/wp-content\/uploads\/sites\/2\/2021\/05\/ubs-agapeama-3-300x200.jpg 300w, https:\/\/tvtecjundiai.com.br\/news\/wp-content\/uploads\/sites\/2\/2021\/05\/ubs-agapeama-3-768x512.jpg 768w, https:\/\/tvtecjundiai.com.br\/news\/wp-content\/uploads\/sites\/2\/2021\/05\/ubs-agapeama-3.jpg 1280w\" sizes=\"auto, (max-width: 1200px) 100vw, 1200px\" \/><figcaption>Nova UBS Agapeama\/Vila Esperan\u00e7a conta com cerca de 30 mil usu\u00e1rios referenciados<\/figcaption><\/figure>\n\n\n\n<p>\u201cO novo espa\u00e7o conta com ambi\u00eancia, acessibilidade e os programas \u201cPosso Ajudar\u201d e \u201cGuardi\u00e3o da Sa\u00fade\u201d, al\u00e9m de funcionar no terceiro turno, visando a qualifica\u00e7\u00e3o e amplia\u00e7\u00e3o dos servi\u00e7os prestados \u00e0 popula\u00e7\u00e3o\u201d, comenta o gestor da Unidade de Gest\u00e3o de Promo\u00e7\u00e3o da Sa\u00fade (UGPS), Tiago Texera.<\/p>\n\n\n\n<p>Al\u00e9m da Nova UBS Agapeama\/Vila Esperan\u00e7a, outras novas UBSs ser\u00e3o entregues ainda este ano, Nova UBE Retiro, como a UBS S\u00e3o Camilo, at\u00e9 o final do primeiro semestre deste ano; e o Santa Gertrudes, para o segundo semestre deste ano.<\/p>\n\n\n\n<p><em>(Texto\/Imagem: Prefeitura de Jundia\u00ed)<\/em><\/p>\n","protected":false},"excerpt":{"rendered":"<p>Os investimentos foram aplicados na pintura, reforma do telhado e acessibilidade<\/p>\n","protected":false},"author":28,"featured_media":75603,"comment_status":"closed","ping_status":"closed","sticky":false,"template":"","format":"standard","meta":{"footnotes":""},"categories":[8356,1],"tags":[],"class_list":["post-75602","post","type-post","status-publish","format-standard","has-post-thumbnail","hentry","category-jundiai","category-noticias"],"_links":{"self":[{"href":"https:\/\/tvtecjundiai.com.br\/news\/wp-json\/wp\/v2\/posts\/75602","targetHints":{"allow":["GET"]}}],"collection":[{"href":"https:\/\/tvtecjundiai.com.br\/news\/wp-json\/wp\/v2\/posts"}],"about":[{"href":"https:\/\/tvtecjundiai.com.br\/news\/wp-json\/wp\/v2\/types\/post"}],"author":[{"embeddable":true,"href":"https:\/\/tvtecjundiai.com.br\/news\/wp-json\/wp\/v2\/users\/28"}],"replies":[{"embeddable":true,"href":"https:\/\/tvtecjundiai.com.br\/news\/wp-json\/wp\/v2\/comments?post=75602"}],"version-history":[{"count":1,"href":"https:\/\/tvtecjundiai.com.br\/news\/wp-json\/wp\/v2\/posts\/75602\/revisions"}],"predecessor-version":[{"id":75604,"href":"https:\/\/tvtecjundiai.com.br\/news\/wp-json\/wp\/v2\/posts\/75602\/revisions\/75604"}],"wp:featuredmedia":[{"embeddable":true,"href":"https:\/\/tvtecjundiai.com.br\/news\/wp-json\/wp\/v2\/media\/75603"}],"wp:attachment":[{"href":"https:\/\/tvtecjundiai.com.br\/news\/wp-json\/wp\/v2\/media?parent=75602"}],"wp:term":[{"taxonomy":"category","embeddable":true,"href":"https:\/\/tvtecjundiai.com.br\/news\/wp-json\/wp\/v2\/categories?post=75602"},{"taxonomy":"post_tag","embeddable":true,"href":"https:\/\/tvtecjundiai.com.br\/news\/wp-json\/wp\/v2\/tags?post=75602"}],"curies":[{"name":"wp","href":"https:\/\/api.w.org\/{rel}","templated":true}]}}