{"id":75608,"date":"2021-05-12T09:09:05","date_gmt":"2021-05-12T12:09:05","guid":{"rendered":"https:\/\/tvtecjundiai.com.br\/news\/?p=75608"},"modified":"2021-05-12T09:09:05","modified_gmt":"2021-05-12T12:09:05","slug":"covid-19-vacinacao-para-puerperas-tambem-esta-suspensa-em-jundiai","status":"publish","type":"post","link":"https:\/\/tvtecjundiai.com.br\/news\/2021\/05\/12\/covid-19-vacinacao-para-puerperas-tambem-esta-suspensa-em-jundiai\/","title":{"rendered":"COVID-19: Vacina\u00e7\u00e3o para pu\u00e9rperas tamb\u00e9m est\u00e1 suspensa em Jundia\u00ed"},"content":{"rendered":"\n<p>Na noite de ter\u00e7a-feira (12), a Secretaria de Estado da Sa\u00fade (SES) do Governo do Estado de S\u00e3o Paulo emitiu nota suspendendo de maneira preventiva a aplica\u00e7\u00e3o das doses da vacina AstraZeneca para as pu\u00e9rperas com comorbidades, al\u00e9m das gestantes com comorbidades. Em Jundia\u00ed, o agendamento pela Central de Agendamento de Consultas (CAC) e a aplica\u00e7\u00e3o, \u2013 que seria realizada a partir de hoje -, foram cancelados.<\/p>\n\n\n\n<p>De acordo com a enfermeira da Vigil\u00e2ncia Epidemiol\u00f3gica (VE) da Unidade de Gest\u00e3o de Promo\u00e7\u00e3o da Sa\u00fade (UGPS) da Prefeitura de Jundia\u00ed, Maria do Carmo Possidente, a imuniza\u00e7\u00e3o ser\u00e1 retomada t\u00e3o logo novas remessas de vacinas do Butantan e da Pfizer sejam direcionadas pelo Minist\u00e9rio da Sa\u00fade para estes p\u00fablicos.<\/p>\n\n\n\n<div class=\"wp-block-image\"><figure class=\"aligncenter size-large\"><img loading=\"lazy\" decoding=\"async\" width=\"1200\" height=\"800\" src=\"https:\/\/tvtecjundiai.com.br\/news\/wp-content\/uploads\/sites\/2\/2021\/05\/vacinacao_paroquia_santo_antonio-26-1200x800.jpg\" alt=\"\" class=\"wp-image-75609\" srcset=\"https:\/\/tvtecjundiai.com.br\/news\/wp-content\/uploads\/sites\/2\/2021\/05\/vacinacao_paroquia_santo_antonio-26-1200x800.jpg 1200w, https:\/\/tvtecjundiai.com.br\/news\/wp-content\/uploads\/sites\/2\/2021\/05\/vacinacao_paroquia_santo_antonio-26-300x200.jpg 300w, https:\/\/tvtecjundiai.com.br\/news\/wp-content\/uploads\/sites\/2\/2021\/05\/vacinacao_paroquia_santo_antonio-26-768x512.jpg 768w, https:\/\/tvtecjundiai.com.br\/news\/wp-content\/uploads\/sites\/2\/2021\/05\/vacinacao_paroquia_santo_antonio-26.jpg 1280w\" sizes=\"auto, (max-width: 1200px) 100vw, 1200px\" \/><figcaption>Vacina\u00e7\u00e3o para pu\u00e9rperas com comorbidades tamb\u00e9m foi suspensa<\/figcaption><\/figure><\/div>\n\n\n\n<p>A nova data ser\u00e1 amplamente divulgada assim que os imunizantes estejam dispon\u00edveis nos postos de vacina\u00e7\u00e3o. Segundo a SES, a previs\u00e3o \u00e9 que novas remessas das vacinas aprovadas para a aplica\u00e7\u00e3o nesses grupos cheguem nos pr\u00f3ximos dias.<\/p>\n\n\n\n<p><em>(Fonte\/Imagem: Prefeitura de Jundia\u00ed)<\/em><\/p>\n","protected":false},"excerpt":{"rendered":"<p>A vacina\u00e7\u00e3o foi suspensa de forma preventiva pelo governo do Estado de SP<\/p>\n","protected":false},"author":25,"featured_media":75609,"comment_status":"closed","ping_status":"closed","sticky":false,"template":"","format":"standard","meta":{"footnotes":""},"categories":[1,2839],"tags":[],"class_list":["post-75608","post","type-post","status-publish","format-standard","has-post-thumbnail","hentry","category-noticias","category-saude"],"_links":{"self":[{"href":"https:\/\/tvtecjundiai.com.br\/news\/wp-json\/wp\/v2\/posts\/75608","targetHints":{"allow":["GET"]}}],"collection":[{"href":"https:\/\/tvtecjundiai.com.br\/news\/wp-json\/wp\/v2\/posts"}],"about":[{"href":"https:\/\/tvtecjundiai.com.br\/news\/wp-json\/wp\/v2\/types\/post"}],"author":[{"embeddable":true,"href":"https:\/\/tvtecjundiai.com.br\/news\/wp-json\/wp\/v2\/users\/25"}],"replies":[{"embeddable":true,"href":"https:\/\/tvtecjundiai.com.br\/news\/wp-json\/wp\/v2\/comments?post=75608"}],"version-history":[{"count":1,"href":"https:\/\/tvtecjundiai.com.br\/news\/wp-json\/wp\/v2\/posts\/75608\/revisions"}],"predecessor-version":[{"id":75610,"href":"https:\/\/tvtecjundiai.com.br\/news\/wp-json\/wp\/v2\/posts\/75608\/revisions\/75610"}],"wp:featuredmedia":[{"embeddable":true,"href":"https:\/\/tvtecjundiai.com.br\/news\/wp-json\/wp\/v2\/media\/75609"}],"wp:attachment":[{"href":"https:\/\/tvtecjundiai.com.br\/news\/wp-json\/wp\/v2\/media?parent=75608"}],"wp:term":[{"taxonomy":"category","embeddable":true,"href":"https:\/\/tvtecjundiai.com.br\/news\/wp-json\/wp\/v2\/categories?post=75608"},{"taxonomy":"post_tag","embeddable":true,"href":"https:\/\/tvtecjundiai.com.br\/news\/wp-json\/wp\/v2\/tags?post=75608"}],"curies":[{"name":"wp","href":"https:\/\/api.w.org\/{rel}","templated":true}]}}