{"id":75611,"date":"2021-05-12T09:26:23","date_gmt":"2021-05-12T12:26:23","guid":{"rendered":"https:\/\/tvtecjundiai.com.br\/news\/?p=75611"},"modified":"2021-05-12T09:26:23","modified_gmt":"2021-05-12T12:26:23","slug":"militares-auxiliam-na-campanha-de-vacinacao-contra-a-covid-19-em-jundiai","status":"publish","type":"post","link":"https:\/\/tvtecjundiai.com.br\/news\/2021\/05\/12\/militares-auxiliam-na-campanha-de-vacinacao-contra-a-covid-19-em-jundiai\/","title":{"rendered":"Militares auxiliam na Campanha de Vacina\u00e7\u00e3o contra a COVID-19 em Jundia\u00ed"},"content":{"rendered":"\n<p>Militares do 12\u00ba Grupo de Artilharia de Campanha (12\u00ba GAC) Bar\u00e3o de Jundiahy passam a integrar o corpo de volunt\u00e1rios destacado pela Prefeitura de Jundia\u00ed para auxiliar na orienta\u00e7\u00e3o dos usu\u00e1rios no sistema drive-thru de vacina\u00e7\u00e3o contra a COVID-19, no Parque da Uva, inclusive no atendimento \u00e0s arrecada\u00e7\u00f5es da campanha Vacina\u00e7\u00e3o Solid\u00e1ria, do Fundo Social de Solidariedade (Funss).<\/p>\n\n\n\n<p>Ao todo, 16 integrantes da corpora\u00e7\u00e3o atuam diariamente em diversas atividades que envolvem a realiza\u00e7\u00e3o do drive-thru de vacina\u00e7\u00e3o. A parceria \u00e9 mais uma realizada entre o Munic\u00edpio e a corpora\u00e7\u00e3o, que no ano passado cedeu uma estrutura para a montagem do Hospital de Campanha, essencial para aquele momento espec\u00edfico da pandemia do Novo Coronav\u00edrus.<\/p>\n\n\n\n<p>De acordo com Kelly Galbieri, assessora de Pol\u00edticas para Diversidade Sexual do N\u00facleo de Assessorias da Prefeitura de Jundia\u00ed, que atua na organiza\u00e7\u00e3o e orienta\u00e7\u00e3o dos volunt\u00e1rios para a vacina\u00e7\u00e3o, explicou que os soldados foram alocados para o percurso dos carros para a orienta\u00e7\u00e3o no interior do Parque da Uva. \u201cO acr\u00e9scimo da for\u00e7a do Ex\u00e9rcito, al\u00e9m do direto aumento da for\u00e7a de trabalho tamb\u00e9m acrescenta valoriza\u00e7\u00e3o \u00e0 atua\u00e7\u00e3o da cidade no combate \u00e0 pandemia\u201d, comenta.<\/p>\n\n\n\n<figure class=\"wp-block-image size-large\"><img loading=\"lazy\" decoding=\"async\" width=\"1200\" height=\"800\" src=\"https:\/\/tvtecjundiai.com.br\/news\/wp-content\/uploads\/sites\/2\/2021\/05\/soldado2-1200x800.jpg\" alt=\"\" class=\"wp-image-75612\" srcset=\"https:\/\/tvtecjundiai.com.br\/news\/wp-content\/uploads\/sites\/2\/2021\/05\/soldado2-1200x800.jpg 1200w, https:\/\/tvtecjundiai.com.br\/news\/wp-content\/uploads\/sites\/2\/2021\/05\/soldado2-300x200.jpg 300w, https:\/\/tvtecjundiai.com.br\/news\/wp-content\/uploads\/sites\/2\/2021\/05\/soldado2-768x512.jpg 768w, https:\/\/tvtecjundiai.com.br\/news\/wp-content\/uploads\/sites\/2\/2021\/05\/soldado2.jpg 1280w\" sizes=\"auto, (max-width: 1200px) 100vw, 1200px\" \/><figcaption>Soldados atuam em toda a orienta\u00e7\u00e3o dos usu\u00e1rios no interior do Parque da Uva<\/figcaption><\/figure>\n\n\n\n<p>Para a diretora de Vigil\u00e2ncia em Sa\u00fade da Unidade de Gest\u00e3o de Promo\u00e7\u00e3o da Sa\u00fade (UGPS), Fauzia Abou Abbas Raiza, a parceria agrega celeridade ao atendimento das pessoas que ser\u00e3o vacinadas. \u201cCom o trabalho do Ex\u00e9rcito foi poss\u00edvel ampliar o n\u00famero de cadastradores no sistema de gest\u00e3o das doses. Dessa forma, todos que s\u00e3o recebidos no drive-thru saem com a dose registrada nos bancos de dados nacional e estadual, assim como \u00e9 feito nos demais postos estrat\u00e9gicos\u201d, comenta.<\/p>\n\n\n\n<p>O tenente coronel do 12\u00aa GAC, William Henrique Bovi de Siqueira Megale, explica que integrantes de todas as patentes est\u00e3o envolvidos no trabalho. \u201cTodo o 12\u00ba GAC est\u00e1 participando direta ou indiretamente. Desde o Comandante da organiza\u00e7\u00e3o militar at\u00e9 o soldado rec\u00e9m incorporado. Diretamente nas equipes no Parque da Uva temos um capit\u00e3o, v\u00e1rios sargentos, cabos e soldados. Faremos tamb\u00e9m um rod\u00edzio, para que mais militares possam contribuir com o munic\u00edpio\u201d, detalha.<\/p>\n\n\n\n<p>A participa\u00e7\u00e3o, segundo o tenente coronel, est\u00e1 embasada na Lei Complementar n\u00ba 97, de 9 de junho de 1999, em seu Art 16, par\u00e1grafo \u00fanico, que estabelece que cabe \u00e0s For\u00e7as Armadas, como atribui\u00e7\u00e3o subsidi\u00e1ria geral, cooperar com o desenvolvimento nacional, inclu\u00eddas as participa\u00e7\u00f5es em campanhas institucionais de utilidade p\u00fablica ou de interesse social. \u201cDessa forma, o apoio do 12\u00ba GAC vai ao encontro ao enorme interesse social da sociedade jundiaiense em vacinar mais e melhor sua popula\u00e7\u00e3o\u201d, completa.<\/p>\n\n\n\n<p><em>(Fonte\/Imagem: Prefeitura de Jundia\u00ed)<\/em><\/p>\n","protected":false},"excerpt":{"rendered":"<p>Ao todo, 16 integrantes da corpora\u00e7\u00e3o atuam no drive-thru de vacina\u00e7\u00e3o<\/p>\n","protected":false},"author":25,"featured_media":75612,"comment_status":"closed","ping_status":"closed","sticky":false,"template":"","format":"standard","meta":{"footnotes":""},"categories":[1,2839],"tags":[],"class_list":["post-75611","post","type-post","status-publish","format-standard","has-post-thumbnail","hentry","category-noticias","category-saude"],"_links":{"self":[{"href":"https:\/\/tvtecjundiai.com.br\/news\/wp-json\/wp\/v2\/posts\/75611","targetHints":{"allow":["GET"]}}],"collection":[{"href":"https:\/\/tvtecjundiai.com.br\/news\/wp-json\/wp\/v2\/posts"}],"about":[{"href":"https:\/\/tvtecjundiai.com.br\/news\/wp-json\/wp\/v2\/types\/post"}],"author":[{"embeddable":true,"href":"https:\/\/tvtecjundiai.com.br\/news\/wp-json\/wp\/v2\/users\/25"}],"replies":[{"embeddable":true,"href":"https:\/\/tvtecjundiai.com.br\/news\/wp-json\/wp\/v2\/comments?post=75611"}],"version-history":[{"count":1,"href":"https:\/\/tvtecjundiai.com.br\/news\/wp-json\/wp\/v2\/posts\/75611\/revisions"}],"predecessor-version":[{"id":75613,"href":"https:\/\/tvtecjundiai.com.br\/news\/wp-json\/wp\/v2\/posts\/75611\/revisions\/75613"}],"wp:featuredmedia":[{"embeddable":true,"href":"https:\/\/tvtecjundiai.com.br\/news\/wp-json\/wp\/v2\/media\/75612"}],"wp:attachment":[{"href":"https:\/\/tvtecjundiai.com.br\/news\/wp-json\/wp\/v2\/media?parent=75611"}],"wp:term":[{"taxonomy":"category","embeddable":true,"href":"https:\/\/tvtecjundiai.com.br\/news\/wp-json\/wp\/v2\/categories?post=75611"},{"taxonomy":"post_tag","embeddable":true,"href":"https:\/\/tvtecjundiai.com.br\/news\/wp-json\/wp\/v2\/tags?post=75611"}],"curies":[{"name":"wp","href":"https:\/\/api.w.org\/{rel}","templated":true}]}}