{"id":75614,"date":"2021-05-12T09:47:56","date_gmt":"2021-05-12T12:47:56","guid":{"rendered":"https:\/\/tvtecjundiai.com.br\/news\/?p=75614"},"modified":"2021-05-12T09:47:56","modified_gmt":"2021-05-12T12:47:56","slug":"diferentes-regioes-de-jundiai-recebem-obras-em-ruas-e-avenidas","status":"publish","type":"post","link":"https:\/\/tvtecjundiai.com.br\/news\/2021\/05\/12\/diferentes-regioes-de-jundiai-recebem-obras-em-ruas-e-avenidas\/","title":{"rendered":"Diferentes regi\u00f5es de Jundia\u00ed recebem obras em ruas e avenidas"},"content":{"rendered":"\n<p>Gestores e t\u00e9cnicos da Unidade de Gest\u00e3o de Infraestrutura e Servi\u00e7os P\u00fablicos fizeram visitas t\u00e9cnicas, na manh\u00e3 desta ter\u00e7a-feira (12), a diferentes obras em vi\u00e1rios municipais de Jundia\u00ed. Uma delas \u00e9 a primeira fase do Complexo Samuel Martins, que liga a avenida Samuel Martins \u00e0 14 de Dezembro. A previs\u00e3o de entrega \u00e9 junho, como explica o gestor de Infraestrutura e Servi\u00e7os P\u00fablicos, Adilson Rosa. \u201c\u00c9 uma obra que traz grande impacto na mobilidade urbana, ligando importantes vias da cidade.\u201d\u00a0<\/p>\n\n\n\n<p>Ao todo, s\u00e3o 9 mil m\u00b2 de pavimenta\u00e7\u00e3o, com implanta\u00e7\u00e3o de ilumina\u00e7\u00e3o p\u00fablica, passeio e galerias de \u00e1guas pluviais. Com a abertura da primeira fase, motoristas que trafegam pela rua Brasil poder\u00e3o acessar a 14 de Dezembro atrav\u00e9s da Samuel Martins.<\/p>\n\n\n\n<div class=\"wp-block-image\"><figure class=\"aligncenter size-large\"><img loading=\"lazy\" decoding=\"async\" width=\"1200\" height=\"800\" src=\"https:\/\/tvtecjundiai.com.br\/news\/wp-content\/uploads\/sites\/2\/2021\/05\/gestor-adilson-rosa-visita-obras-de-ligacao-av-samuel-martins-x-14-de-dezembro_c_-14-1200x800.jpg\" alt=\"\" class=\"wp-image-75615\" srcset=\"https:\/\/tvtecjundiai.com.br\/news\/wp-content\/uploads\/sites\/2\/2021\/05\/gestor-adilson-rosa-visita-obras-de-ligacao-av-samuel-martins-x-14-de-dezembro_c_-14-1200x800.jpg 1200w, https:\/\/tvtecjundiai.com.br\/news\/wp-content\/uploads\/sites\/2\/2021\/05\/gestor-adilson-rosa-visita-obras-de-ligacao-av-samuel-martins-x-14-de-dezembro_c_-14-300x200.jpg 300w, https:\/\/tvtecjundiai.com.br\/news\/wp-content\/uploads\/sites\/2\/2021\/05\/gestor-adilson-rosa-visita-obras-de-ligacao-av-samuel-martins-x-14-de-dezembro_c_-14-768x512.jpg 768w, https:\/\/tvtecjundiai.com.br\/news\/wp-content\/uploads\/sites\/2\/2021\/05\/gestor-adilson-rosa-visita-obras-de-ligacao-av-samuel-martins-x-14-de-dezembro_c_-14.jpg 1280w\" sizes=\"auto, (max-width: 1200px) 100vw, 1200px\" \/><figcaption>Samuel Martins recebe visita t\u00e9cnica de gestor Adilson Rosa (segundo da esquerda para direita) e equipe de Infraestrutura e Servi\u00e7os P\u00fablicos<\/figcaption><\/figure><\/div>\n\n\n\n<p>A fase dois da obra, como explica o diretor do Departamento de Obras P\u00fablicas, Carlos de Souza, ser\u00e1 licitada e as interven\u00e7\u00f5es e trabalhos \u2013 que incluem o alteamento de 2,5 metros da rodovia Presidente Tancredo de Almeida Neves e a liga\u00e7\u00e3o entre os dois lados da Samuel Martins, passando sob a mesma rodovia \u2013 t\u00eam previs\u00e3o de in\u00edcio este ano.<\/p>\n\n\n\n<p><strong>Caminhos Sustent\u00e1veis<\/strong><br>Outro ponto da cidade que recebe obras, tamb\u00e9m visitado pela equipe da Unidade de Gest\u00e3o de Infraestrutura e Servi\u00e7os P\u00fablicos, \u00e9 a avenida Luiz Fontebasso, no bairro Rio Acima, que recebe acabamento com asfalto ecol\u00f3gico ao longo de tr\u00eas quil\u00f4metros. Os investimentos comp\u00f5em o programa Caminhos Sustent\u00e1veis, que levou asfalto ecol\u00f3gico para 45 quil\u00f4metros de vias rurais de Jundia\u00ed, nos bairros Champirra, Corrupira, Terra Nova, Jardim Copacabana e Rio Acima. Em todos esses bairros o investimento \u00e9 de R$ 13 milh\u00f5es.<\/p>\n\n\n\n<div class=\"wp-block-image\"><figure class=\"aligncenter size-large\"><img loading=\"lazy\" decoding=\"async\" width=\"1200\" height=\"800\" src=\"https:\/\/tvtecjundiai.com.br\/news\/wp-content\/uploads\/sites\/2\/2021\/05\/gestor-adilson-rosa-visita-obras-de-asfalto-e-canalizacao-no-bairro-champirra_c_-19-1200x800.jpg\" alt=\"\" class=\"wp-image-75616\" srcset=\"https:\/\/tvtecjundiai.com.br\/news\/wp-content\/uploads\/sites\/2\/2021\/05\/gestor-adilson-rosa-visita-obras-de-asfalto-e-canalizacao-no-bairro-champirra_c_-19-1200x800.jpg 1200w, https:\/\/tvtecjundiai.com.br\/news\/wp-content\/uploads\/sites\/2\/2021\/05\/gestor-adilson-rosa-visita-obras-de-asfalto-e-canalizacao-no-bairro-champirra_c_-19-300x200.jpg 300w, https:\/\/tvtecjundiai.com.br\/news\/wp-content\/uploads\/sites\/2\/2021\/05\/gestor-adilson-rosa-visita-obras-de-asfalto-e-canalizacao-no-bairro-champirra_c_-19-768x512.jpg 768w, https:\/\/tvtecjundiai.com.br\/news\/wp-content\/uploads\/sites\/2\/2021\/05\/gestor-adilson-rosa-visita-obras-de-asfalto-e-canalizacao-no-bairro-champirra_c_-19.jpg 1280w\" sizes=\"auto, (max-width: 1200px) 100vw, 1200px\" \/><figcaption>Obras de acabamento com asfalto ecol\u00f3gico na avenida Luiz Fontebasso, no bairro Rio Acima<\/figcaption><\/figure><\/div>\n\n\n\n<p><em>(Fonte\/Imagem: Prefeitura de Jundia\u00ed)<\/em><\/p>\n","protected":false},"excerpt":{"rendered":"<p>Em todos os bairros, o investimento \u00e9 de R$ 13 milh\u00f5es<\/p>\n","protected":false},"author":25,"featured_media":75616,"comment_status":"closed","ping_status":"closed","sticky":false,"template":"","format":"standard","meta":{"footnotes":""},"categories":[1,2839],"tags":[],"class_list":["post-75614","post","type-post","status-publish","format-standard","has-post-thumbnail","hentry","category-noticias","category-saude"],"_links":{"self":[{"href":"https:\/\/tvtecjundiai.com.br\/news\/wp-json\/wp\/v2\/posts\/75614","targetHints":{"allow":["GET"]}}],"collection":[{"href":"https:\/\/tvtecjundiai.com.br\/news\/wp-json\/wp\/v2\/posts"}],"about":[{"href":"https:\/\/tvtecjundiai.com.br\/news\/wp-json\/wp\/v2\/types\/post"}],"author":[{"embeddable":true,"href":"https:\/\/tvtecjundiai.com.br\/news\/wp-json\/wp\/v2\/users\/25"}],"replies":[{"embeddable":true,"href":"https:\/\/tvtecjundiai.com.br\/news\/wp-json\/wp\/v2\/comments?post=75614"}],"version-history":[{"count":1,"href":"https:\/\/tvtecjundiai.com.br\/news\/wp-json\/wp\/v2\/posts\/75614\/revisions"}],"predecessor-version":[{"id":75617,"href":"https:\/\/tvtecjundiai.com.br\/news\/wp-json\/wp\/v2\/posts\/75614\/revisions\/75617"}],"wp:featuredmedia":[{"embeddable":true,"href":"https:\/\/tvtecjundiai.com.br\/news\/wp-json\/wp\/v2\/media\/75616"}],"wp:attachment":[{"href":"https:\/\/tvtecjundiai.com.br\/news\/wp-json\/wp\/v2\/media?parent=75614"}],"wp:term":[{"taxonomy":"category","embeddable":true,"href":"https:\/\/tvtecjundiai.com.br\/news\/wp-json\/wp\/v2\/categories?post=75614"},{"taxonomy":"post_tag","embeddable":true,"href":"https:\/\/tvtecjundiai.com.br\/news\/wp-json\/wp\/v2\/tags?post=75614"}],"curies":[{"name":"wp","href":"https:\/\/api.w.org\/{rel}","templated":true}]}}