{"id":75623,"date":"2021-05-12T10:49:21","date_gmt":"2021-05-12T13:49:21","guid":{"rendered":"https:\/\/tvtecjundiai.com.br\/news\/?p=75623"},"modified":"2021-05-12T10:49:21","modified_gmt":"2021-05-12T13:49:21","slug":"quantidade-de-vacinados-contra-a-covid-19-ultrapassa-os-36-milhoes-no-brasil","status":"publish","type":"post","link":"https:\/\/tvtecjundiai.com.br\/news\/2021\/05\/12\/quantidade-de-vacinados-contra-a-covid-19-ultrapassa-os-36-milhoes-no-brasil\/","title":{"rendered":"Quantidade de vacinados contra a COVID-19 ultrapassa os 36 milh\u00f5es no Brasil"},"content":{"rendered":"\n<p>O Brasil vacinou at\u00e9 esta ter\u00e7a-feira (11), 36.502.196 milh\u00f5es de pessoas com ao menos a primeira dose da vacina contra a COVID-19. A quantidade de pessoas imunizadas representa at\u00e9 aqui 17,24% da popula\u00e7\u00e3o.<\/p>\n\n\n\n<p>Balan\u00e7o divulgado pelo cons\u00f3rcio com dados obtidos junto a 24 Estados mostra que 592.579 mil pessoas receberam a primeira dose. Entre os 36,5 milh\u00f5es de vacinados, 18.380.678 receberam a segunda dose, o que representa 8,68% da popula\u00e7\u00e3o com a imuniza\u00e7\u00e3o completa; 307.087 pessoas receberam a segunda dose.<\/p>\n\n\n\n<p>No total, os Estados aplicaram 899.666 doses, entre aqueles que foram vacinados pela primeira vez e os que receberam o refor\u00e7o do imunizante. As autoridades de sa\u00fade destacam a import\u00e2ncia de os cidad\u00e3os retornarem ao posto na data marcada para completar a vacina\u00e7\u00e3o e assegurar a prote\u00e7\u00e3o contra a COVID-19.<\/p>\n\n\n\n<div class=\"wp-block-image\"><figure class=\"aligncenter size-large\"><img loading=\"lazy\" decoding=\"async\" width=\"1200\" height=\"801\" src=\"https:\/\/tvtecjundiai.com.br\/news\/wp-content\/uploads\/sites\/2\/2021\/05\/vacina-1200x801.jpg\" alt=\"\" class=\"wp-image-75624\" srcset=\"https:\/\/tvtecjundiai.com.br\/news\/wp-content\/uploads\/sites\/2\/2021\/05\/vacina-1200x801.jpg 1200w, https:\/\/tvtecjundiai.com.br\/news\/wp-content\/uploads\/sites\/2\/2021\/05\/vacina-300x200.jpg 300w, https:\/\/tvtecjundiai.com.br\/news\/wp-content\/uploads\/sites\/2\/2021\/05\/vacina-768x512.jpg 768w, https:\/\/tvtecjundiai.com.br\/news\/wp-content\/uploads\/sites\/2\/2021\/05\/vacina.jpg 1280w\" sizes=\"auto, (max-width: 1200px) 100vw, 1200px\" \/><\/figure><\/div>\n\n\n\n<p>Levando em considera\u00e7\u00e3o dados relativos \u00e0 primeira dose, o Mato Grosso do Sul tem a vacina\u00e7\u00e3o mais avan\u00e7ada do Pa\u00eds at\u00e9 esta ter\u00e7a-feira. O Estado imunizou 22,28% da sua popula\u00e7\u00e3o contra o novo coronav\u00edrus. O que tem a menor porcentagem \u00e9 Roraima, com 10,91% da popula\u00e7\u00e3o vacinada. Em n\u00fameros absolutos, S\u00e3o Paulo lidera com 8,8 milh\u00f5es de pessoas vacinadas com a primeira dose.<\/p>\n\n\n\n<p>O Minist\u00e9rio da Sa\u00fade decidiu nesta ter\u00e7a-feira suspender o uso da vacina de Oxford\/AstraZeneca em gestantes e pu\u00e9rperas ap\u00f3s o registro da morte de uma gr\u00e1vida do Rio de Janeiro que havia sido vacinada. O evento adverso j\u00e1 havia feito a Ag\u00eancia Nacional de Vigil\u00e2ncia Sanit\u00e1ria (Anvisa) orientar, na noite de segunda-feira (10), a interrup\u00e7\u00e3o da utiliza\u00e7\u00e3o do imunizante nesse grupo populacional.<\/p>\n\n\n\n<p><em>(Fonte: Estad\u00e3o\/Imagem: Prefeitura de Jundia\u00ed)<\/em><\/p>\n","protected":false},"excerpt":{"rendered":"<p>A quantidade de pessoas imunizadas representa 17,24% da popula\u00e7\u00e3o<\/p>\n","protected":false},"author":25,"featured_media":75624,"comment_status":"closed","ping_status":"closed","sticky":false,"template":"","format":"standard","meta":{"footnotes":""},"categories":[1,2839],"tags":[],"class_list":["post-75623","post","type-post","status-publish","format-standard","has-post-thumbnail","hentry","category-noticias","category-saude"],"_links":{"self":[{"href":"https:\/\/tvtecjundiai.com.br\/news\/wp-json\/wp\/v2\/posts\/75623","targetHints":{"allow":["GET"]}}],"collection":[{"href":"https:\/\/tvtecjundiai.com.br\/news\/wp-json\/wp\/v2\/posts"}],"about":[{"href":"https:\/\/tvtecjundiai.com.br\/news\/wp-json\/wp\/v2\/types\/post"}],"author":[{"embeddable":true,"href":"https:\/\/tvtecjundiai.com.br\/news\/wp-json\/wp\/v2\/users\/25"}],"replies":[{"embeddable":true,"href":"https:\/\/tvtecjundiai.com.br\/news\/wp-json\/wp\/v2\/comments?post=75623"}],"version-history":[{"count":1,"href":"https:\/\/tvtecjundiai.com.br\/news\/wp-json\/wp\/v2\/posts\/75623\/revisions"}],"predecessor-version":[{"id":75625,"href":"https:\/\/tvtecjundiai.com.br\/news\/wp-json\/wp\/v2\/posts\/75623\/revisions\/75625"}],"wp:featuredmedia":[{"embeddable":true,"href":"https:\/\/tvtecjundiai.com.br\/news\/wp-json\/wp\/v2\/media\/75624"}],"wp:attachment":[{"href":"https:\/\/tvtecjundiai.com.br\/news\/wp-json\/wp\/v2\/media?parent=75623"}],"wp:term":[{"taxonomy":"category","embeddable":true,"href":"https:\/\/tvtecjundiai.com.br\/news\/wp-json\/wp\/v2\/categories?post=75623"},{"taxonomy":"post_tag","embeddable":true,"href":"https:\/\/tvtecjundiai.com.br\/news\/wp-json\/wp\/v2\/tags?post=75623"}],"curies":[{"name":"wp","href":"https:\/\/api.w.org\/{rel}","templated":true}]}}