{"id":75629,"date":"2021-05-12T13:15:48","date_gmt":"2021-05-12T16:15:48","guid":{"rendered":"https:\/\/tvtecjundiai.com.br\/news\/?p=75629"},"modified":"2021-05-12T13:15:48","modified_gmt":"2021-05-12T16:15:48","slug":"diretoria-da-fundacao-cintra-gordinho-conhece-o-mundo-das-criancas","status":"publish","type":"post","link":"https:\/\/tvtecjundiai.com.br\/news\/2021\/05\/12\/diretoria-da-fundacao-cintra-gordinho-conhece-o-mundo-das-criancas\/","title":{"rendered":"Diretoria da Funda\u00e7\u00e3o Cintra Gordinho conhece o Mundo das Crian\u00e7as"},"content":{"rendered":"\n<p>Representantes da diretoria da Funda\u00e7\u00e3o Antonio-Antonieta Cintra Gordinho (FAACG) visitaram as depend\u00eancias do Mundo das Crian\u00e7as. A proposta da visita, articulada pela Rede Jundia\u00ed de Coopera\u00e7\u00e3o, vinculada \u00e0 Unidade de Governo e Finan\u00e7as (UGGF), foi de conhecer os conceitos aplicados em suas instala\u00e7\u00f5es, como os programas municipais Cidade das Crian\u00e7as e P\u00e9 de Inf\u00e2ncia.<\/p>\n\n\n\n<p>Pela Funda\u00e7\u00e3o, participaram da visita a diretora administrativa e educacional da FAACG, Cida Bosco; a diretora de Patrim\u00f4nio, Cristiane Diaz; e o consultor de Patrim\u00f4nio Arquitet\u00f4nico, Conserva\u00e7\u00e3o e Restauro, Jorge Vernaglia. A FAACG atua no Munic\u00edpio desde 1957 junto a crian\u00e7as e adolescentes em situa\u00e7\u00e3o de vulnerabilidade social. Atualmente, s\u00e3o 1500 atendidos pela institui\u00e7\u00e3o.<\/p>\n\n\n\n<p>Representando a Prefeitura, a visita foi conduzida pelo gestor da Unidade da Gest\u00e3o de Cultura, Marcelo Peroni; pela diretora da Unidade Central de Parcerias Estrat\u00e9gicas da UGGF, Daniele Ruiz, representando, juntamente com a assessora de Pol\u00edticas Governamentais Paula Mestrinel, a Rede Jundia\u00ed de Coopera\u00e7\u00e3o; e pelo assessor especial da DAE Jundia\u00ed, Luiz Trientini.<\/p>\n\n\n\n<figure class=\"wp-block-image size-large\"><img loading=\"lazy\" decoding=\"async\" width=\"1200\" height=\"800\" src=\"https:\/\/tvtecjundiai.com.br\/news\/wp-content\/uploads\/sites\/2\/2021\/05\/fundacao-cintra-gordinho-mundo-das-criancas-4-1200x800.jpg\" alt=\"\" class=\"wp-image-75630\" srcset=\"https:\/\/tvtecjundiai.com.br\/news\/wp-content\/uploads\/sites\/2\/2021\/05\/fundacao-cintra-gordinho-mundo-das-criancas-4-1200x800.jpg 1200w, https:\/\/tvtecjundiai.com.br\/news\/wp-content\/uploads\/sites\/2\/2021\/05\/fundacao-cintra-gordinho-mundo-das-criancas-4-300x200.jpg 300w, https:\/\/tvtecjundiai.com.br\/news\/wp-content\/uploads\/sites\/2\/2021\/05\/fundacao-cintra-gordinho-mundo-das-criancas-4-768x512.jpg 768w, https:\/\/tvtecjundiai.com.br\/news\/wp-content\/uploads\/sites\/2\/2021\/05\/fundacao-cintra-gordinho-mundo-das-criancas-4.jpg 1280w\" sizes=\"auto, (max-width: 1200px) 100vw, 1200px\" \/><figcaption>Representantes da FAACG conheceram os conceitos sobre Inf\u00e2ncia aplicados nas instala\u00e7\u00f5es do Mundo das Crian\u00e7as<\/figcaption><\/figure>\n\n\n\n<p>Para Cida Bosco, a visita foi motivo de entusiasmo e orgulho. &#8220;Temos acompanhado as iniciativas da Prefeitura para a Inf\u00e2ncia e este nome e as dimens\u00f5es do Mundo das Crian\u00e7as nos chamaram a aten\u00e7\u00e3o. N\u00f3s sabemos da import\u00e2ncia desse tipo de investimento e o quanto isso se reflete na vida adulta. Em cada instala\u00e7\u00e3o, notava-se a organiza\u00e7\u00e3o, pesquisa e conceito aplicados. Apesar de ser voltado para as crian\u00e7as, aquele espa\u00e7o \u00e9 ideal e aberto para todos . Sa\u00ed de l\u00e1 entusiasmada e orgulhosa em ser jundiaiense\u201d<\/p>\n\n\n\n<p>Marcelo Peroni explicou os conceitos das instala\u00e7\u00f5es. \u201cO Mundo das Crian\u00e7as traz como conceito o brincar livre, com a instala\u00e7\u00e3o de brinquedos n\u00e3o convencionais e com a proposta de acesso universal, tamb\u00e9m para as crian\u00e7as com defici\u00eancia. Com a ades\u00e3o de Jundia\u00ed \u00e0 Rede Urban95, em dezembro do ano passado, o Mundo tamb\u00e9m traz o olhar da Prefeitura para as crian\u00e7as de at\u00e9 95 cent\u00edmetros, com instala\u00e7\u00f5es do programa P\u00e9 de Inf\u00e2ncia. A iniciativa \u00e9 um trocadilho de palavras, que brinca com as pot\u00eancias da Inf\u00e2ncia e com a import\u00e2ncia da rela\u00e7\u00e3o com o cuidador para a transmiss\u00e3o de can\u00e7\u00f5es, brincadeiras, hist\u00f3rias e outras tradi\u00e7\u00f5es orais para o desenvolvimento infantil\u201d.<\/p>\n\n\n\n<p><em>(Texto\/Imagem: Prefeitura de Jundia\u00ed)<\/em><\/p>\n","protected":false},"excerpt":{"rendered":"<p>A proposta da visita foi de conhecer os conceitos aplicados em suas instala\u00e7\u00f5es<\/p>\n","protected":false},"author":28,"featured_media":75630,"comment_status":"closed","ping_status":"closed","sticky":false,"template":"","format":"standard","meta":{"footnotes":""},"categories":[8356,1],"tags":[],"class_list":["post-75629","post","type-post","status-publish","format-standard","has-post-thumbnail","hentry","category-jundiai","category-noticias"],"_links":{"self":[{"href":"https:\/\/tvtecjundiai.com.br\/news\/wp-json\/wp\/v2\/posts\/75629","targetHints":{"allow":["GET"]}}],"collection":[{"href":"https:\/\/tvtecjundiai.com.br\/news\/wp-json\/wp\/v2\/posts"}],"about":[{"href":"https:\/\/tvtecjundiai.com.br\/news\/wp-json\/wp\/v2\/types\/post"}],"author":[{"embeddable":true,"href":"https:\/\/tvtecjundiai.com.br\/news\/wp-json\/wp\/v2\/users\/28"}],"replies":[{"embeddable":true,"href":"https:\/\/tvtecjundiai.com.br\/news\/wp-json\/wp\/v2\/comments?post=75629"}],"version-history":[{"count":1,"href":"https:\/\/tvtecjundiai.com.br\/news\/wp-json\/wp\/v2\/posts\/75629\/revisions"}],"predecessor-version":[{"id":75631,"href":"https:\/\/tvtecjundiai.com.br\/news\/wp-json\/wp\/v2\/posts\/75629\/revisions\/75631"}],"wp:featuredmedia":[{"embeddable":true,"href":"https:\/\/tvtecjundiai.com.br\/news\/wp-json\/wp\/v2\/media\/75630"}],"wp:attachment":[{"href":"https:\/\/tvtecjundiai.com.br\/news\/wp-json\/wp\/v2\/media?parent=75629"}],"wp:term":[{"taxonomy":"category","embeddable":true,"href":"https:\/\/tvtecjundiai.com.br\/news\/wp-json\/wp\/v2\/categories?post=75629"},{"taxonomy":"post_tag","embeddable":true,"href":"https:\/\/tvtecjundiai.com.br\/news\/wp-json\/wp\/v2\/tags?post=75629"}],"curies":[{"name":"wp","href":"https:\/\/api.w.org\/{rel}","templated":true}]}}