{"id":75634,"date":"2021-05-12T13:52:36","date_gmt":"2021-05-12T16:52:36","guid":{"rendered":"https:\/\/tvtecjundiai.com.br\/news\/?p=75634"},"modified":"2021-05-12T13:52:36","modified_gmt":"2021-05-12T16:52:36","slug":"estado-de-sp-assegura-a-vacinacao-de-gravidas-e-puerperas-com-comorbidades","status":"publish","type":"post","link":"https:\/\/tvtecjundiai.com.br\/news\/2021\/05\/12\/estado-de-sp-assegura-a-vacinacao-de-gravidas-e-puerperas-com-comorbidades\/","title":{"rendered":"Estado de SP assegura a vacina\u00e7\u00e3o de gr\u00e1vidas e pu\u00e9rperas com comorbidades"},"content":{"rendered":"\n<p>O Governador Jo\u00e3o Doria anunciou nesta quarta-feira (12) a retomada da vacina\u00e7\u00e3o contra COVID-19 das gr\u00e1vidas e pu\u00e9rperas (mulheres que deram \u00e0 luz nos \u00faltimos 45 dias) com comorbidades a partir da pr\u00f3xima segunda-feira (17).<\/p>\n\n\n\n<p>\u201cPreocupados com a imuniza\u00e7\u00e3o das gr\u00e1vidas, orientamos para que a partir da pr\u00f3xima segunda-feira elas possam ser vacinadas em todo o Estado de S\u00e3o Paulo, n\u00e3o havendo portanto interrup\u00e7\u00e3o de um tempo maior. Isso ser\u00e1 poss\u00edvel por conta do remanejamento da vacina\u00e7\u00e3o e entrega de novas doses da vacina do Butantan e da Pfizer realizadas hoje\u201d, afirmou o Governador.<\/p>\n\n\n\n<p>A data de retomada foi definida gra\u00e7as ao remanejamento da vacina\u00e7\u00e3o e entrega de mais doses da vacina do Butantan ao Minist\u00e9rio da Sa\u00fade na manh\u00e3 de hoje e \u00e0 chegada de mais imunizantes da Pfizer a S\u00e3o Paulo.<\/p>\n\n\n\n<p>No total, 100 mil gestantes e mulheres adultas (com 18 anos ou mais) que tiveram partos recentes poder\u00e3o se vacinar com estes dois tipos de vacinas.<\/p>\n\n\n\n<p>Inicialmente, a imuniza\u00e7\u00e3o deste p\u00fablico estava prevista para come\u00e7ar ontem (11), mas foi suspensa pelo Minist\u00e9rio da Sa\u00fade e pela Anvisa com as vacinas da Fiocruz\/Astrazeneca especificamente para as mulheres com estes perfis. Os demais p\u00fablicos seguem contando com este imunizante, que \u00e9 seguro e eficaz.<\/p>\n\n\n\n<figure class=\"wp-block-image size-large\"><img loading=\"lazy\" decoding=\"async\" width=\"1000\" height=\"667\" src=\"https:\/\/tvtecjundiai.com.br\/news\/wp-content\/uploads\/sites\/2\/2019\/04\/gravidavacina.jpg\" alt=\"\" class=\"wp-image-29396\" srcset=\"https:\/\/tvtecjundiai.com.br\/news\/wp-content\/uploads\/sites\/2\/2019\/04\/gravidavacina.jpg 1000w, https:\/\/tvtecjundiai.com.br\/news\/wp-content\/uploads\/sites\/2\/2019\/04\/gravidavacina-300x200.jpg 300w, https:\/\/tvtecjundiai.com.br\/news\/wp-content\/uploads\/sites\/2\/2019\/04\/gravidavacina-768x512.jpg 768w\" sizes=\"auto, (max-width: 1000px) 100vw, 1000px\" \/><figcaption>Estado de SP ir\u00e1 retomar vacina\u00e7\u00e3o a partir do dia 17<\/figcaption><\/figure>\n\n\n\n<p>O Governo Federal sinalizou que emitir\u00e1 nota t\u00e9cnica com rela\u00e7\u00e3o \u00e0s gestantes que j\u00e1 receberam a primeira do imunizante.<\/p>\n\n\n\n<p>\u201cO planejamento que n\u00f3s fazemos todo o tempo nos permite que no dia 17 de maio, a gente reabra para este grupo que ontem logo pela manh\u00e3 foi suspenso. O Estado de S\u00e3o Paulo foi um dos primeiros estados a suspender a vacina\u00e7\u00e3o das gestantes e pu\u00e9rperas com comorbidades acima de 18 anos com a vacina da Astrazeneca. Faremos agora com a vacina do Butantan e o munic\u00edpio de S\u00e3o Paulo tamb\u00e9m tem a da Pfizer\u201d, explicou a Coordenadora Geral do Programa Estadual de Imuniza\u00e7\u00e3o (PEI), Regiane de Paula.<\/p>\n\n\n\n<p>As gr\u00e1vidas em qualquer per\u00edodo gestacional dever\u00e3o tamb\u00e9m apresentar comprovante de acompanhamento e\/ou pr\u00e9-natal ou laudo m\u00e9dico. As pu\u00e9rperas podem utilizar a declara\u00e7\u00e3o de nascimento da crian\u00e7a.<\/p>\n\n\n\n<p>Para ambos os casos, \u00e9 necess\u00e1rio comprovar a comorbidade apresentando documentos de sa\u00fade como exames, receitas, relat\u00f3rio ou prescri\u00e7\u00e3o m\u00e9dica, bem como cadastros pr\u00e9-existentes nas UBS (Unidades B\u00e1sicas de Sa\u00fade).<\/p>\n\n\n\n<p>Rela\u00e7\u00e3o de comorbidades definidas pelo Minist\u00e9rio da Sa\u00fade:<\/p>\n\n\n\n<p>\u2022 Doen\u00e7as Cardiovasculares<br>\u2022 Insufici\u00eancia card\u00edaca (IC)<br>\u2022 Cor-pulmonale (altera\u00e7\u00e3o no ventr\u00edculo direito) e Hipertens\u00e3o pulmonar<br>\u2022 Cardiopatia hipertensiva<br>\u2022 S\u00edndromes coronarianas<br>\u2022 Valvopatias<br>\u2022 Miocardiopatias e Pericardiopatias<br>\u2022 Doen\u00e7a da Aorta, dos Grandes Vasos e F\u00edstulas arteriovenosas<br>\u2022 Arritmias card\u00edacas<br>\u2022 Cardiopatias cong\u00eanitas no adulto<br>\u2022 Pr\u00f3teses valvares e dispositivos card\u00edacos implantados<br>\u2022 Diabetes mellitus<br>\u2022 Pneumopatias cr\u00f4nicas graves<br>\u2022 Hipertens\u00e3o arterial resistente (HAR)<br>\u2022 Hipertens\u00e3o arterial \u2013 est\u00e1gio 3<br>\u2022 Hipertens\u00e3o arterial \u2013 est\u00e1gios 1 e 2 com les\u00e3o e \u00f3rg\u00e3o-alvo e\/ou comorbidade<br>\u2022 Doen\u00e7a Cerebrovascular<br>\u2022 Doen\u00e7a renal cr\u00f4nica<br>\u2022 Imunossuprimidos (transplantados; pessoas vivendo com HIV; doen\u00e7as reum\u00e1ticas em uso de corticoides; pessoas com c\u00e2ncer).<br>\u2022 Anemia falciforme e talassemia maior (hemoglobinopatias graves)<br>\u2022 Obesidade m\u00f3rbida<br>\u2022 Cirrose hep\u00e1tica<\/p>\n\n\n\n<p><em>(Texto: Portal do Governo\/Imagem: Arquivo)<\/em><\/p>\n","protected":false},"excerpt":{"rendered":"<p>A retomada da vacina\u00e7\u00e3o contra COVID-19 ser\u00e1 a partir da pr\u00f3xima segunda-feira (17)<\/p>\n","protected":false},"author":28,"featured_media":29396,"comment_status":"closed","ping_status":"closed","sticky":false,"template":"","format":"standard","meta":{"footnotes":""},"categories":[8356,1],"tags":[],"class_list":["post-75634","post","type-post","status-publish","format-standard","has-post-thumbnail","hentry","category-jundiai","category-noticias"],"_links":{"self":[{"href":"https:\/\/tvtecjundiai.com.br\/news\/wp-json\/wp\/v2\/posts\/75634","targetHints":{"allow":["GET"]}}],"collection":[{"href":"https:\/\/tvtecjundiai.com.br\/news\/wp-json\/wp\/v2\/posts"}],"about":[{"href":"https:\/\/tvtecjundiai.com.br\/news\/wp-json\/wp\/v2\/types\/post"}],"author":[{"embeddable":true,"href":"https:\/\/tvtecjundiai.com.br\/news\/wp-json\/wp\/v2\/users\/28"}],"replies":[{"embeddable":true,"href":"https:\/\/tvtecjundiai.com.br\/news\/wp-json\/wp\/v2\/comments?post=75634"}],"version-history":[{"count":1,"href":"https:\/\/tvtecjundiai.com.br\/news\/wp-json\/wp\/v2\/posts\/75634\/revisions"}],"predecessor-version":[{"id":75635,"href":"https:\/\/tvtecjundiai.com.br\/news\/wp-json\/wp\/v2\/posts\/75634\/revisions\/75635"}],"wp:featuredmedia":[{"embeddable":true,"href":"https:\/\/tvtecjundiai.com.br\/news\/wp-json\/wp\/v2\/media\/29396"}],"wp:attachment":[{"href":"https:\/\/tvtecjundiai.com.br\/news\/wp-json\/wp\/v2\/media?parent=75634"}],"wp:term":[{"taxonomy":"category","embeddable":true,"href":"https:\/\/tvtecjundiai.com.br\/news\/wp-json\/wp\/v2\/categories?post=75634"},{"taxonomy":"post_tag","embeddable":true,"href":"https:\/\/tvtecjundiai.com.br\/news\/wp-json\/wp\/v2\/tags?post=75634"}],"curies":[{"name":"wp","href":"https:\/\/api.w.org\/{rel}","templated":true}]}}