{"id":75636,"date":"2021-05-12T14:17:40","date_gmt":"2021-05-12T17:17:40","guid":{"rendered":"https:\/\/tvtecjundiai.com.br\/news\/?p=75636"},"modified":"2021-05-12T14:17:40","modified_gmt":"2021-05-12T17:17:40","slug":"cia-jovem-de-danca-lanca-praticas-online-de-alongamento-para-o-trabalho","status":"publish","type":"post","link":"https:\/\/tvtecjundiai.com.br\/news\/2021\/05\/12\/cia-jovem-de-danca-lanca-praticas-online-de-alongamento-para-o-trabalho\/","title":{"rendered":"Cia. Jovem de Dan\u00e7a lan\u00e7a pr\u00e1ticas online de Alongamento para o trabalho"},"content":{"rendered":"\n<p>A Cia. Jovem de Dan\u00e7a lan\u00e7a nesta quarta-feira (12) uma s\u00e9rie de pr\u00e1ticas online de Alongamento em ambiente de trabalho. As aulas ser\u00e3o publicadas semanalmente, \u00e0s 18h, nos canais da Cultura no Facebook e Instagram, e s\u00e3o voltadas ao p\u00fablico em geral.<\/p>\n\n\n\n<p>Esta \u00e9 mais uma a\u00e7\u00e3o desenvolvida durante o isolamento social pela companhia, que \u00e9 um dos corpos art\u00edsticos ligados \u00e0 Unidade de Gest\u00e3o de Cultura (UGC). De ter\u00e7a a sexta-feira, sempre a partir das 10h, a Cia. Jovem realiza tamb\u00e9m pr\u00e1ticas on-line gratuitas voltadas a bailarinos e demais profissionais de dan\u00e7a, por meio da plataforma Zoom.<\/p>\n\n\n\n<figure class=\"wp-block-image size-large\"><img loading=\"lazy\" decoding=\"async\" width=\"1200\" height=\"800\" src=\"https:\/\/tvtecjundiai.com.br\/news\/wp-content\/uploads\/sites\/2\/2021\/05\/ginastica-laboral_c_-27_-1200x800.jpg\" alt=\"\" class=\"wp-image-75637\" srcset=\"https:\/\/tvtecjundiai.com.br\/news\/wp-content\/uploads\/sites\/2\/2021\/05\/ginastica-laboral_c_-27_-1200x800.jpg 1200w, https:\/\/tvtecjundiai.com.br\/news\/wp-content\/uploads\/sites\/2\/2021\/05\/ginastica-laboral_c_-27_-300x200.jpg 300w, https:\/\/tvtecjundiai.com.br\/news\/wp-content\/uploads\/sites\/2\/2021\/05\/ginastica-laboral_c_-27_-768x512.jpg 768w, https:\/\/tvtecjundiai.com.br\/news\/wp-content\/uploads\/sites\/2\/2021\/05\/ginastica-laboral_c_-27_.jpg 1280w\" sizes=\"auto, (max-width: 1200px) 100vw, 1200px\" \/><figcaption>Conte\u00fado ficar\u00e1 dispon\u00edvel nas redes sociais da Cultura para acompanhamento em s\u00e9rie<\/figcaption><\/figure>\n\n\n\n<p>Segundo Alex Soares, diretor art\u00edstico da companhia, as novas pr\u00e1ticas s\u00e3o voltadas \u00e0 promo\u00e7\u00e3o de sa\u00fade e bem-estar. \u201cAs aulas s\u00e3o voltadas para quem trabalha muito tempo sentado e pode adquirir dores e problemas de postura. Elas foram desenvolvidas pela Caroline Rodrigues, bailarina da companhia, e ficar\u00e3o dispon\u00edveis nas redes sociais para que as pessoas possam acompanh\u00e1-las em s\u00e9rie, quando quiserem.\u201d<\/p>\n\n\n\n<p>O gestor da UGC, Marcelo Peroni, explica a import\u00e2ncia do trabalho desenvolvido pela Cia. Jovem. \u201cDesde o in\u00edcio da pandemia, os corpos art\u00edsticos da Cultura reinventaram seu trabalho e concentraram seus esfor\u00e7os e sua criatividade para criar conte\u00fados virtuais de qualidade para acesso da popula\u00e7\u00e3o e da classe art\u00edstica. A ades\u00e3o do p\u00fablico e a indica\u00e7\u00e3o ao pr\u00eamio da Associa\u00e7\u00e3o Paulista de Cr\u00edticos de Artes (APCA) no ano passado s\u00e3o alguns dos exemplos do \u00eaxito obtido com seus esfor\u00e7os.\u201d<\/p>\n\n\n\n<p>Ainda segundo Alex, a ideia \u00e9 ampliar a oferta de pr\u00e1ticas on-line. \u201cPlanejamos para os pr\u00f3ximos meses a produ\u00e7\u00e3o de novos conte\u00fados, com temas como introdu\u00e7\u00e3o ao Sapateado e tutoriais com o repert\u00f3rio da companhia.\u201d<\/p>\n\n\n\n<p>Mais pr\u00e1ticas online<br>Apesar de voltadas para bailarinos, o tema das pr\u00e1ticas da companhia \u00e0s quartas-feiras pela manh\u00e3 tamb\u00e9m \u00e9 de Alongamento e Fortalecimento muscular. Assim como as pr\u00e1ticas matinais, o n\u00famero de inscritos \u00e9 limitado a cem e os interessados devem se inscrever previamente pela internet para acesso ao ambiente de aula.<\/p>\n\n\n\n<p><em>(Texto\/Imagem: Prefeitura de Jundia\u00ed)<\/em><\/p>\n","protected":false},"excerpt":{"rendered":"<p>Aulas ser\u00e3o publicadas semanalmente, \u00e0s 18h, nos canais da Cultura no Facebook e Instagram<\/p>\n","protected":false},"author":28,"featured_media":75637,"comment_status":"closed","ping_status":"closed","sticky":false,"template":"","format":"standard","meta":{"footnotes":""},"categories":[8356,1],"tags":[],"class_list":["post-75636","post","type-post","status-publish","format-standard","has-post-thumbnail","hentry","category-jundiai","category-noticias"],"_links":{"self":[{"href":"https:\/\/tvtecjundiai.com.br\/news\/wp-json\/wp\/v2\/posts\/75636","targetHints":{"allow":["GET"]}}],"collection":[{"href":"https:\/\/tvtecjundiai.com.br\/news\/wp-json\/wp\/v2\/posts"}],"about":[{"href":"https:\/\/tvtecjundiai.com.br\/news\/wp-json\/wp\/v2\/types\/post"}],"author":[{"embeddable":true,"href":"https:\/\/tvtecjundiai.com.br\/news\/wp-json\/wp\/v2\/users\/28"}],"replies":[{"embeddable":true,"href":"https:\/\/tvtecjundiai.com.br\/news\/wp-json\/wp\/v2\/comments?post=75636"}],"version-history":[{"count":1,"href":"https:\/\/tvtecjundiai.com.br\/news\/wp-json\/wp\/v2\/posts\/75636\/revisions"}],"predecessor-version":[{"id":75638,"href":"https:\/\/tvtecjundiai.com.br\/news\/wp-json\/wp\/v2\/posts\/75636\/revisions\/75638"}],"wp:featuredmedia":[{"embeddable":true,"href":"https:\/\/tvtecjundiai.com.br\/news\/wp-json\/wp\/v2\/media\/75637"}],"wp:attachment":[{"href":"https:\/\/tvtecjundiai.com.br\/news\/wp-json\/wp\/v2\/media?parent=75636"}],"wp:term":[{"taxonomy":"category","embeddable":true,"href":"https:\/\/tvtecjundiai.com.br\/news\/wp-json\/wp\/v2\/categories?post=75636"},{"taxonomy":"post_tag","embeddable":true,"href":"https:\/\/tvtecjundiai.com.br\/news\/wp-json\/wp\/v2\/tags?post=75636"}],"curies":[{"name":"wp","href":"https:\/\/api.w.org\/{rel}","templated":true}]}}