{"id":75641,"date":"2021-05-12T15:01:01","date_gmt":"2021-05-12T18:01:01","guid":{"rendered":"https:\/\/tvtecjundiai.com.br\/news\/?p=75641"},"modified":"2021-05-12T15:01:01","modified_gmt":"2021-05-12T18:01:01","slug":"parque-jardim-do-lago-perfeito-para-fazer-atividade-fisica-e-apreciar-a-vista-da-cidade","status":"publish","type":"post","link":"https:\/\/tvtecjundiai.com.br\/news\/2021\/05\/12\/parque-jardim-do-lago-perfeito-para-fazer-atividade-fisica-e-apreciar-a-vista-da-cidade\/","title":{"rendered":"Parque Jardim do Lago: perfeito para fazer atividade f\u00edsica e apreciar a vista da cidade"},"content":{"rendered":"\n<p>Voc\u00ea conhece o Parque do Jardim do Lago? Se voc\u00ea ainda n\u00e3o visitou este local, j\u00e1 adiantamos que a visita vale a pena! Localizado ao lado da Par\u00f3quia Nossa Senhora do Montenegro, o Parque do Jardim do Lago, em Jundia\u00ed, foi inaugurado em 2015 e conta com uma extensa \u00e1rea de lazer.<\/p>\n\n\n\n<p>Nomeado \u2018Parque Ant\u00f4nio Garcia Machado\u2019, o parque conta com duas quadras poliesportivas, dois playgrounds, duas academia ao ar livre, al\u00e9m de uma pista de skate e um circuito de slackline.<\/p>\n\n\n\n<figure class=\"wp-block-image size-large\"><img loading=\"lazy\" decoding=\"async\" width=\"1200\" height=\"675\" src=\"https:\/\/tvtecjundiai.com.br\/news\/wp-content\/uploads\/sites\/2\/2021\/05\/jardimdolago1-1200x675.jpeg\" alt=\"\" class=\"wp-image-75642\" srcset=\"https:\/\/tvtecjundiai.com.br\/news\/wp-content\/uploads\/sites\/2\/2021\/05\/jardimdolago1-1200x675.jpeg 1200w, https:\/\/tvtecjundiai.com.br\/news\/wp-content\/uploads\/sites\/2\/2021\/05\/jardimdolago1-300x169.jpeg 300w, https:\/\/tvtecjundiai.com.br\/news\/wp-content\/uploads\/sites\/2\/2021\/05\/jardimdolago1-768x432.jpeg 768w, https:\/\/tvtecjundiai.com.br\/news\/wp-content\/uploads\/sites\/2\/2021\/05\/jardimdolago1.jpeg 1280w\" sizes=\"auto, (max-width: 1200px) 100vw, 1200px\" \/><figcaption>Localizado ao lado da Par\u00f3quia Nossa Senhora do Montenegro, o Parque Jardim do Lago tem uma bela vista para a cidade<\/figcaption><\/figure>\n\n\n\n<p>Para quem n\u00e3o abre m\u00e3o de uma caminhada ou de uma corrida, o parque possui uma pista de caminhada com cerca de dois quil\u00f4metros, al\u00e9m de possuir dois vesti\u00e1rios e duas guaritas, com monitoramento 24 horas.<\/p>\n\n\n\n<p>Tamb\u00e9m h\u00e1 um parquinho destinado \u00e0s crian\u00e7as. Al\u00e9m disso, o parque possui uma bela vista da cidade, sendo \u00f3timo para quem quiser curtir um lindo p\u00f4r-do-sol.<\/p>\n\n\n\n<p>O Parque do Jardim do Lago fica ao lado da Par\u00f3quia Nossa Senhora do Montenegro, entre as ruas Jos\u00e9 Pedro de Oliveira e avenida dos Expedicion\u00e1rios. O hor\u00e1rio de funcionamento \u00e9 de segunda \u00e0 sexta-feira, das 7h \u00e0s 16h. Aos s\u00e1bados, domingos e feriados, ele funciona das 7h \u00e0s 17h.<\/p>\n\n\n\n<figure class=\"wp-block-image size-large\"><img loading=\"lazy\" decoding=\"async\" width=\"1200\" height=\"675\" src=\"https:\/\/tvtecjundiai.com.br\/news\/wp-content\/uploads\/sites\/2\/2021\/05\/jardimdolago2-1200x675.jpeg\" alt=\"\" class=\"wp-image-75643\" srcset=\"https:\/\/tvtecjundiai.com.br\/news\/wp-content\/uploads\/sites\/2\/2021\/05\/jardimdolago2-1200x675.jpeg 1200w, https:\/\/tvtecjundiai.com.br\/news\/wp-content\/uploads\/sites\/2\/2021\/05\/jardimdolago2-300x169.jpeg 300w, https:\/\/tvtecjundiai.com.br\/news\/wp-content\/uploads\/sites\/2\/2021\/05\/jardimdolago2-768x432.jpeg 768w, https:\/\/tvtecjundiai.com.br\/news\/wp-content\/uploads\/sites\/2\/2021\/05\/jardimdolago2.jpeg 1280w\" sizes=\"auto, (max-width: 1200px) 100vw, 1200px\" \/><figcaption>O parque conta com duas quadras poliesportivas e \u00e9 \u00f3timo para quem gosta de fazer caminhadas ou correr<\/figcaption><\/figure>\n\n\n\n<p><em>(Texto\/Imagens: TVTEC)<\/em><\/p>\n\n\n\n<figure class=\"wp-block-embed is-type-video is-provider-youtube wp-block-embed-youtube wp-embed-aspect-16-9 wp-has-aspect-ratio\"><div class=\"wp-block-embed__wrapper\">\n<iframe loading=\"lazy\" title=\"Descubra Jundia\u00ed: Parque Jardim do Lago\" width=\"500\" height=\"281\" src=\"https:\/\/www.youtube.com\/embed\/VsddWt_-9g0?feature=oembed\" frameborder=\"0\" allow=\"accelerometer; autoplay; clipboard-write; encrypted-media; gyroscope; picture-in-picture; web-share\" referrerpolicy=\"strict-origin-when-cross-origin\" allowfullscreen><\/iframe>\n<\/div><\/figure>\n","protected":false},"excerpt":{"rendered":"<p>Inaugurado em 2015, o parque conta com uma extensa \u00e1rea de lazer<\/p>\n","protected":false},"author":28,"featured_media":75643,"comment_status":"closed","ping_status":"closed","sticky":false,"template":"","format":"standard","meta":{"footnotes":""},"categories":[8356,1],"tags":[],"class_list":["post-75641","post","type-post","status-publish","format-standard","has-post-thumbnail","hentry","category-jundiai","category-noticias"],"_links":{"self":[{"href":"https:\/\/tvtecjundiai.com.br\/news\/wp-json\/wp\/v2\/posts\/75641","targetHints":{"allow":["GET"]}}],"collection":[{"href":"https:\/\/tvtecjundiai.com.br\/news\/wp-json\/wp\/v2\/posts"}],"about":[{"href":"https:\/\/tvtecjundiai.com.br\/news\/wp-json\/wp\/v2\/types\/post"}],"author":[{"embeddable":true,"href":"https:\/\/tvtecjundiai.com.br\/news\/wp-json\/wp\/v2\/users\/28"}],"replies":[{"embeddable":true,"href":"https:\/\/tvtecjundiai.com.br\/news\/wp-json\/wp\/v2\/comments?post=75641"}],"version-history":[{"count":1,"href":"https:\/\/tvtecjundiai.com.br\/news\/wp-json\/wp\/v2\/posts\/75641\/revisions"}],"predecessor-version":[{"id":75644,"href":"https:\/\/tvtecjundiai.com.br\/news\/wp-json\/wp\/v2\/posts\/75641\/revisions\/75644"}],"wp:featuredmedia":[{"embeddable":true,"href":"https:\/\/tvtecjundiai.com.br\/news\/wp-json\/wp\/v2\/media\/75643"}],"wp:attachment":[{"href":"https:\/\/tvtecjundiai.com.br\/news\/wp-json\/wp\/v2\/media?parent=75641"}],"wp:term":[{"taxonomy":"category","embeddable":true,"href":"https:\/\/tvtecjundiai.com.br\/news\/wp-json\/wp\/v2\/categories?post=75641"},{"taxonomy":"post_tag","embeddable":true,"href":"https:\/\/tvtecjundiai.com.br\/news\/wp-json\/wp\/v2\/tags?post=75641"}],"curies":[{"name":"wp","href":"https:\/\/api.w.org\/{rel}","templated":true}]}}