{"id":75646,"date":"2021-05-12T15:16:11","date_gmt":"2021-05-12T18:16:11","guid":{"rendered":"https:\/\/tvtecjundiai.com.br\/news\/?p=75646"},"modified":"2021-05-12T15:16:11","modified_gmt":"2021-05-12T18:16:11","slug":"professores-poderao-se-vacinar-contra-influenza-neste-sabado-15-em-jundiai","status":"publish","type":"post","link":"https:\/\/tvtecjundiai.com.br\/news\/2021\/05\/12\/professores-poderao-se-vacinar-contra-influenza-neste-sabado-15-em-jundiai\/","title":{"rendered":"Professores poder\u00e3o se vacinar contra influenza neste s\u00e1bado (15) em Jundia\u00ed"},"content":{"rendered":"\n<p>No pr\u00f3ximo s\u00e1bado (15), Dia D de Vacina\u00e7\u00e3o contra Influenza em Jundia\u00ed, ter\u00e1, al\u00e9m da aplica\u00e7\u00e3o em idosos com mais de 60 anos \u2013 agendados pelos canais digitais da Prefeitura de Jundia\u00ed -, a vacina\u00e7\u00e3o dos professores (b\u00e1sico ao superior, das redes p\u00fablicas e privadas) em livre demanda, com a apresenta\u00e7\u00e3o de documentos que comprovem a profiss\u00e3o.<\/p>\n\n\n\n<p>A vacina\u00e7\u00e3o contra a gripe ser\u00e1 feita das 8h30 \u00e0s 16h30, nos locais:<\/p>\n\n\n\n<ul class=\"wp-block-list\"><li>Antiga UBS Novo Horizonte (Rua Jos\u00e9 Ribeiro Barbosa, 20 \u2013 Almerinda Chaves)<\/li><li>SAPEC Eloy Chaves (Av. Carlos Veiga, 450 \u2013 Parque Res. Eloy Chaves)<\/li><li>Sal\u00e3o Paroquial da Igreja da Col\u00f4nia (Rua Humberto Primeiro, 103 \u2013 Col\u00f4nia)<\/li><li>UBS Tamoio (Rua Orestes Barbosa \u2013 Jardim Tamoio)<\/li><li>EMEB Luiz de Carvalho (Rua Doutor Jos\u00e9 Napole\u00e3o Mazzali, 57 \u2013 Jardim Esplanada)<\/li><li>Nova UBS Maring\u00e1 (Rua Casemiro de Abreu, 57 \u2013 Vila Alati)<\/li><li>UBS Rio Branco (Rua H\u00e9lio Antonio Lucena, 100 \u2013 Vila Rio Branco)<\/li><li>UBS Caxamb\u00fa (Rua Jo\u00e3o Thomasi \u2013 Jardim Molinari)<\/li><li>UBS Morada das Vinhas (Rua Uva Ni\u00e1gara, 699 \u2013 Morada das Vinhas)<\/li><li>CEU das Artes Parque Centen\u00e1rio (Rua Cabo Edivaldo Quirilo Santana, esquina com rua Di\u00e1cono Sebasti\u00e3o Cegobias Filho, s\/ n\u00ba, Vista Alegre)<\/li><\/ul>\n\n\n\n<figure class=\"wp-block-image size-large\"><img loading=\"lazy\" decoding=\"async\" width=\"1200\" height=\"800\" src=\"https:\/\/tvtecjundiai.com.br\/news\/wp-content\/uploads\/sites\/2\/2021\/05\/chegada_vacina_covid_e_influenza-92-1-1200x800.jpg\" alt=\"\" class=\"wp-image-75647\" srcset=\"https:\/\/tvtecjundiai.com.br\/news\/wp-content\/uploads\/sites\/2\/2021\/05\/chegada_vacina_covid_e_influenza-92-1-1200x800.jpg 1200w, https:\/\/tvtecjundiai.com.br\/news\/wp-content\/uploads\/sites\/2\/2021\/05\/chegada_vacina_covid_e_influenza-92-1-300x200.jpg 300w, https:\/\/tvtecjundiai.com.br\/news\/wp-content\/uploads\/sites\/2\/2021\/05\/chegada_vacina_covid_e_influenza-92-1-768x512.jpg 768w, https:\/\/tvtecjundiai.com.br\/news\/wp-content\/uploads\/sites\/2\/2021\/05\/chegada_vacina_covid_e_influenza-92-1.jpg 1280w\" sizes=\"auto, (max-width: 1200px) 100vw, 1200px\" \/><figcaption>Vacina\u00e7\u00e3o contra influenza ser\u00e1 liberada para professores, a partir de comprova\u00e7\u00e3o da profiss\u00e3o<\/figcaption><\/figure>\n\n\n\n<p>A aplica\u00e7\u00e3o ser\u00e1 feita mediante apresenta\u00e7\u00e3o de documentos que comprovem a profiss\u00e3o, juntamente com documento de identifica\u00e7\u00e3o com foto, CPF e comprovante de resid\u00eancia.<\/p>\n\n\n\n<p>Outro ponto importante a ser observado pelos professores \u00e9 o prazo de 14 dias de intervalo necess\u00e1rio entre uma vacina e outro. O grupo Educadores (com mais de 47 anos) teve a aplica\u00e7\u00e3o da segunda dose da Coronavac em prazo inferior a este. Para esses profissionais, a aplica\u00e7\u00e3o ser\u00e1 continuada nas Unidades B\u00e1sicas de Sa\u00fade da cidade, durante o hor\u00e1rio de atendimento das salas de vacinas de cada servi\u00e7o, de segunda a sexta-feira, exceto para a Cl\u00ednica da Fam\u00edlia Novo Horizonte, Nova UBS Jardim do Lago, UBSs Marlene e Hortol\u00e2ndia.<\/p>\n\n\n\n<p><em>(Texto\/Imagem: Prefeitura de Jundia\u00ed)<\/em><\/p>\n","protected":false},"excerpt":{"rendered":"<p>A vacina\u00e7\u00e3o contra a gripe ser\u00e1 feita das 8h30 \u00e0s 16h30, em locais espec\u00edficos <\/p>\n","protected":false},"author":28,"featured_media":75647,"comment_status":"closed","ping_status":"closed","sticky":false,"template":"","format":"standard","meta":{"footnotes":""},"categories":[8356,1],"tags":[],"class_list":["post-75646","post","type-post","status-publish","format-standard","has-post-thumbnail","hentry","category-jundiai","category-noticias"],"_links":{"self":[{"href":"https:\/\/tvtecjundiai.com.br\/news\/wp-json\/wp\/v2\/posts\/75646","targetHints":{"allow":["GET"]}}],"collection":[{"href":"https:\/\/tvtecjundiai.com.br\/news\/wp-json\/wp\/v2\/posts"}],"about":[{"href":"https:\/\/tvtecjundiai.com.br\/news\/wp-json\/wp\/v2\/types\/post"}],"author":[{"embeddable":true,"href":"https:\/\/tvtecjundiai.com.br\/news\/wp-json\/wp\/v2\/users\/28"}],"replies":[{"embeddable":true,"href":"https:\/\/tvtecjundiai.com.br\/news\/wp-json\/wp\/v2\/comments?post=75646"}],"version-history":[{"count":1,"href":"https:\/\/tvtecjundiai.com.br\/news\/wp-json\/wp\/v2\/posts\/75646\/revisions"}],"predecessor-version":[{"id":75648,"href":"https:\/\/tvtecjundiai.com.br\/news\/wp-json\/wp\/v2\/posts\/75646\/revisions\/75648"}],"wp:featuredmedia":[{"embeddable":true,"href":"https:\/\/tvtecjundiai.com.br\/news\/wp-json\/wp\/v2\/media\/75647"}],"wp:attachment":[{"href":"https:\/\/tvtecjundiai.com.br\/news\/wp-json\/wp\/v2\/media?parent=75646"}],"wp:term":[{"taxonomy":"category","embeddable":true,"href":"https:\/\/tvtecjundiai.com.br\/news\/wp-json\/wp\/v2\/categories?post=75646"},{"taxonomy":"post_tag","embeddable":true,"href":"https:\/\/tvtecjundiai.com.br\/news\/wp-json\/wp\/v2\/tags?post=75646"}],"curies":[{"name":"wp","href":"https:\/\/api.w.org\/{rel}","templated":true}]}}