{"id":75649,"date":"2021-05-12T15:23:59","date_gmt":"2021-05-12T18:23:59","guid":{"rendered":"https:\/\/tvtecjundiai.com.br\/news\/?p=75649"},"modified":"2021-05-12T16:01:49","modified_gmt":"2021-05-12T19:01:49","slug":"jundiai-comeca-a-vacinacao-de-pessoas-com-comorbidades-1","status":"publish","type":"post","link":"https:\/\/tvtecjundiai.com.br\/news\/2021\/05\/12\/jundiai-comeca-a-vacinacao-de-pessoas-com-comorbidades-1\/","title":{"rendered":"COVID-19: Jundia\u00ed come\u00e7a a vacina\u00e7\u00e3o de pessoas com comorbidades nesta quarta (12)"},"content":{"rendered":"\n<p>Na manh\u00e3 desta quarta-feira (12), a Unidade de Gest\u00e3o de Promo\u00e7\u00e3o da Sa\u00fade iniciou a vacina\u00e7\u00e3o contra a COVID-19 de pessoas com comorbidades, conforme diretrizes do Plano Estadual de Imuniza\u00e7\u00e3o (PEI).&nbsp;<\/p>\n\n\n\n<p>Jos\u00e9 Rumenz, 55 anos, \u00e9 diab\u00e9tico, hipertenso e recebeu a vacina no posto montado no sal\u00e3o da Par\u00f3quia Sagrado Cora\u00e7\u00e3o de Jesus, na Col\u00f4nia. Com sorriso no rosto, ele contou sobre a sensa\u00e7\u00e3o de ter recebido a primeira dose do imunizante. \u201c\u00c9 uma alegria e tranquilidade conseguir essa vacina\u201d, afirma.&nbsp;<\/p>\n\n\n\n<figure class=\"wp-block-image size-large\"><img loading=\"lazy\" decoding=\"async\" width=\"1200\" height=\"800\" src=\"https:\/\/tvtecjundiai.com.br\/news\/wp-content\/uploads\/sites\/2\/2021\/05\/vacinacao_55_59_comorbidades_colonia-38-1-1200x800.jpg\" alt=\"\" class=\"wp-image-75650\" srcset=\"https:\/\/tvtecjundiai.com.br\/news\/wp-content\/uploads\/sites\/2\/2021\/05\/vacinacao_55_59_comorbidades_colonia-38-1-1200x800.jpg 1200w, https:\/\/tvtecjundiai.com.br\/news\/wp-content\/uploads\/sites\/2\/2021\/05\/vacinacao_55_59_comorbidades_colonia-38-1-300x200.jpg 300w, https:\/\/tvtecjundiai.com.br\/news\/wp-content\/uploads\/sites\/2\/2021\/05\/vacinacao_55_59_comorbidades_colonia-38-1-768x512.jpg 768w, https:\/\/tvtecjundiai.com.br\/news\/wp-content\/uploads\/sites\/2\/2021\/05\/vacinacao_55_59_comorbidades_colonia-38-1.jpg 1280w\" sizes=\"auto, (max-width: 1200px) 100vw, 1200px\" \/><figcaption>Jos\u00e9 comemorou a vacina contra a COVID-19<\/figcaption><\/figure>\n\n\n\n<p>A feirante Rita de C\u00e1ssia, tem diabetes e disse estar se sentindo aliviada por receber a vacina. \u201cEu deixei de trabalhar por poucos dias, apenas no come\u00e7o da pandemia. Estou sempre em contato com as pessoas por conta da feira. Agora me sinto aliviada e sigo com todos os cuidados pessoais\u201d, contou.<\/p>\n\n\n\n<p>A vacina\u00e7\u00e3o de pessoas com comorbidades contra a COVID-19 prossegue durante esta semana para quem j\u00e1 fez o agendamento. A enfermeira da Vigil\u00e2ncia Epidemiol\u00f3gica, Maria do Carmo Possidente, lembra que, al\u00e9m do agendamento, \u00e9 preciso que as pessoas levem os documentos necess\u00e1rios. \u201cPara o grupo de comorbidades \u00e9 necess\u00e1rio apresentar relat\u00f3rio m\u00e9dico com CID ou descri\u00e7\u00e3o da doen\u00e7a, ou receita m\u00e9dica que comprove a comorbidade\u201d, explica.<\/p>\n\n\n\n<figure class=\"wp-block-image size-large\"><img loading=\"lazy\" decoding=\"async\" width=\"1200\" height=\"800\" src=\"https:\/\/tvtecjundiai.com.br\/news\/wp-content\/uploads\/sites\/2\/2021\/05\/vacinacao_55_59_comorbidades_colonia-137-1200x800.jpg\" alt=\"\" class=\"wp-image-75651\" srcset=\"https:\/\/tvtecjundiai.com.br\/news\/wp-content\/uploads\/sites\/2\/2021\/05\/vacinacao_55_59_comorbidades_colonia-137-1200x800.jpg 1200w, https:\/\/tvtecjundiai.com.br\/news\/wp-content\/uploads\/sites\/2\/2021\/05\/vacinacao_55_59_comorbidades_colonia-137-300x200.jpg 300w, https:\/\/tvtecjundiai.com.br\/news\/wp-content\/uploads\/sites\/2\/2021\/05\/vacinacao_55_59_comorbidades_colonia-137-768x512.jpg 768w, https:\/\/tvtecjundiai.com.br\/news\/wp-content\/uploads\/sites\/2\/2021\/05\/vacinacao_55_59_comorbidades_colonia-137.jpg 1280w\" sizes=\"auto, (max-width: 1200px) 100vw, 1200px\" \/><figcaption>A vacina\u00e7\u00e3o de pessoas com comorbidades teve in\u00edcio na Par\u00f3quia Sagrado Cora\u00e7\u00e3o de Jesus<\/figcaption><\/figure>\n\n\n\n<p><em>(Texto\/Imagem: Prefeitura de Jundia\u00ed)<\/em><\/p>\n","protected":false},"excerpt":{"rendered":"<p>Conforme diretrizes do Plano Estadual de Imuniza\u00e7\u00e3o (PEI), vacina\u00e7\u00e3o teve in\u00edcio na manh\u00e3 desta quarta-feira (12)<\/p>\n","protected":false},"author":28,"featured_media":75652,"comment_status":"closed","ping_status":"closed","sticky":false,"template":"","format":"standard","meta":{"footnotes":""},"categories":[8356,1],"tags":[],"class_list":["post-75649","post","type-post","status-publish","format-standard","has-post-thumbnail","hentry","category-jundiai","category-noticias"],"_links":{"self":[{"href":"https:\/\/tvtecjundiai.com.br\/news\/wp-json\/wp\/v2\/posts\/75649","targetHints":{"allow":["GET"]}}],"collection":[{"href":"https:\/\/tvtecjundiai.com.br\/news\/wp-json\/wp\/v2\/posts"}],"about":[{"href":"https:\/\/tvtecjundiai.com.br\/news\/wp-json\/wp\/v2\/types\/post"}],"author":[{"embeddable":true,"href":"https:\/\/tvtecjundiai.com.br\/news\/wp-json\/wp\/v2\/users\/28"}],"replies":[{"embeddable":true,"href":"https:\/\/tvtecjundiai.com.br\/news\/wp-json\/wp\/v2\/comments?post=75649"}],"version-history":[{"count":3,"href":"https:\/\/tvtecjundiai.com.br\/news\/wp-json\/wp\/v2\/posts\/75649\/revisions"}],"predecessor-version":[{"id":75659,"href":"https:\/\/tvtecjundiai.com.br\/news\/wp-json\/wp\/v2\/posts\/75649\/revisions\/75659"}],"wp:featuredmedia":[{"embeddable":true,"href":"https:\/\/tvtecjundiai.com.br\/news\/wp-json\/wp\/v2\/media\/75652"}],"wp:attachment":[{"href":"https:\/\/tvtecjundiai.com.br\/news\/wp-json\/wp\/v2\/media?parent=75649"}],"wp:term":[{"taxonomy":"category","embeddable":true,"href":"https:\/\/tvtecjundiai.com.br\/news\/wp-json\/wp\/v2\/categories?post=75649"},{"taxonomy":"post_tag","embeddable":true,"href":"https:\/\/tvtecjundiai.com.br\/news\/wp-json\/wp\/v2\/tags?post=75649"}],"curies":[{"name":"wp","href":"https:\/\/api.w.org\/{rel}","templated":true}]}}