{"id":7565,"date":"2018-03-16T12:18:38","date_gmt":"2018-03-16T15:18:38","guid":{"rendered":"https:\/\/tvtecjundiai.com.br\/news\/?p=7565"},"modified":"2018-03-18T10:58:36","modified_gmt":"2018-03-18T13:58:36","slug":"cidades-dae-leva-experiencia-de-jundiai-ao-forum-mundial-da-agua","status":"publish","type":"post","link":"https:\/\/tvtecjundiai.com.br\/news\/2018\/03\/16\/cidades-dae-leva-experiencia-de-jundiai-ao-forum-mundial-da-agua\/","title":{"rendered":"Cidades: DAE leva experi\u00eancia de Jundia\u00ed ao F\u00f3rum Mundial da \u00c1gua"},"content":{"rendered":"<div id=\"attachment_7566\" style=\"width: 460px\" class=\"wp-caption alignright\"><a href=\"https:\/\/tvtecjundiai.com.br\/news\/wp-content\/uploads\/sites\/2\/2018\/03\/represa_forum-mundial-da-agua.jpg\"><img loading=\"lazy\" decoding=\"async\" aria-describedby=\"caption-attachment-7566\" class=\"wp-image-7566\" src=\"https:\/\/tvtecjundiai.com.br\/news\/wp-content\/uploads\/sites\/2\/2018\/03\/represa_forum-mundial-da-agua-300x225.jpg\" alt=\"\" width=\"450\" height=\"338\" srcset=\"https:\/\/tvtecjundiai.com.br\/news\/wp-content\/uploads\/sites\/2\/2018\/03\/represa_forum-mundial-da-agua-300x225.jpg 300w, https:\/\/tvtecjundiai.com.br\/news\/wp-content\/uploads\/sites\/2\/2018\/03\/represa_forum-mundial-da-agua-768x576.jpg 768w, https:\/\/tvtecjundiai.com.br\/news\/wp-content\/uploads\/sites\/2\/2018\/03\/represa_forum-mundial-da-agua-1200x900.jpg 1200w, https:\/\/tvtecjundiai.com.br\/news\/wp-content\/uploads\/sites\/2\/2018\/03\/represa_forum-mundial-da-agua.jpg 1280w\" sizes=\"auto, (max-width: 450px) 100vw, 450px\" \/><\/a><p id=\"caption-attachment-7566\" class=\"wp-caption-text\">A empresa vai integrar o estande do Cons\u00f3rcio Intermunicipal das Bacias dos Rios Piracicaba, Capivari e Jundia\u00ed<\/p><\/div>\n<p>A DAE Jundia\u00ed vai compartilhar sua experi\u00eancia de sucesso na \u00e1rea de saneamento durante o 8\u00ba F\u00f3rum Mundial da \u00c1gua, que ser\u00e1 realizado em Bras\u00edlia entre os dias 18 e 23 de mar\u00e7o. \u00c9 a primeira vez que o evento \u00e9 sediado no Hemisf\u00e9rio Sul, com o objetivo de debater a import\u00e2ncia e o futuro dos recursos h\u00eddricos do planeta. Cerca de 40 mil pessoas, entre cidad\u00e3os, empresas e governantes, s\u00e3o esperadas. A empresa vai integrar o estande do Cons\u00f3rcio Intermunicipal das Bacias dos Rios Piracicaba, Capivari e Jundia\u00ed (Cons\u00f3rcio PCJ).<\/p>\n<p>Cinco cases da DAE ser\u00e3o destaque durante o F\u00f3rum: o reenquadramento de classe do rio Jundia\u00ed, que passou da categoria 4 para 3; a seguran\u00e7a h\u00eddrica, que permitiu ao munic\u00edpio garantir o abastecimento durante a crise h\u00eddrica de 2014; a implanta\u00e7\u00e3o do Cerju (Comit\u00ea de Estudos e Recupera\u00e7\u00e3o do Rio Jundia\u00ed); a cria\u00e7\u00e3o do Parque da Cidade, que protege, de modo sustent\u00e1vel, a represa de abastecimento e \u00e9 um s\u00edmbolo de qualidade de vida; e as a\u00e7\u00f5es de fiscaliza\u00e7\u00e3o de mananciais.<\/p>\n<p>\u201cEstar no F\u00f3rum Mundial da \u00c1gua representa o reconhecimento do trabalho desenvolvido pela DAE, cuja experi\u00eancia ser\u00e1 divulgada para governantes e entidades de todo o mundo\u201d, avalia o diretor presidente da DAE, Eduardo Santos Palhares, que lembra as premia\u00e7\u00f5es recebidas pela empresa. \u201cEm 2017, a Associa\u00e7\u00e3o Brasileira de Engenharia Sanit\u00e1ria e Ambiental (ABES) entregou \u00e0 DAE o pr\u00eamio Destaque no Ranking da Universaliza\u00e7\u00e3o do Saneamento. Em \u00e2mbito nacional, Jundia\u00ed ficou em 6\u00ba lugar.\u201d<\/p>\n<p>Para o diretor de Mananciais da DAE, Martim Ribeiro, que ir\u00e1 coordenar as palestras, a participa\u00e7\u00e3o da DAE no F\u00f3rum Mundial representa um momento \u00fanico. \u201cA garantia de quantidade e qualidade de recursos h\u00eddricos sempre norteou as a\u00e7\u00f5es desenvolvidas pela DAE Jundia\u00ed\u201d, afirma.<\/p>\n<p>Os participantes poder\u00e3o conferir as palestras da DAE no pr\u00f3prio estande do Cons\u00f3rcio PCJ. Os encontros ocorrer\u00e3o nos dias 19, \u00e0s 16 horas (\u201cPlanos de seguran\u00e7a e reenquadramento dos corpos d\u2019\u00e1gua\u201d); 20, \u00e0s 11, 16 e 18 horas (\u201cSustentabilidade h\u00eddrica\u201d, \u201cSistemas de tratamento e reuso da \u00e1gua\u201d e \u201cO papel da educa\u00e7\u00e3o ambiental na gest\u00e3o de res\u00edduos h\u00eddricos\u201d); e 21, \u00e0s 16 horas (\u201cSaneamento e qualidade de vida\u201d).<\/p>\n<p><strong>Dia Mundial da \u00c1gua<\/strong><\/p>\n<p>Em Jundia\u00ed, a DAE tamb\u00e9m prepara atividades em comemora\u00e7\u00e3o ao Dia Mundial da \u00c1gua, celebrado em 22 de mar\u00e7o. A programa\u00e7\u00e3o come\u00e7a no dia 19, com visitas t\u00e9cnicas agendadas \u00e0 empresa. No dia 21, \u00e0s 14 horas, a t\u00e9cnica em Meio Ambiente da Ger\u00eancia de Gest\u00e3o Ambiental da DAE, Cl\u00e1udia Debroi de Campos, vai ministrar a palestra \u201cGest\u00e3o dos recursos h\u00eddricos em nossa regi\u00e3o\u201d, na sede do Minist\u00e9rio da Agricultura.<\/p>\n<p>No dia 22, \u00e0s 15 horas, a DAE participa da assinatura do decreto do Programa Nascentes e do an\u00fancio da parceria com a Prefeitura e a ONG The Nature Conservancy (TNC), no sal\u00e3o da igreja do bairro da Roseira. A programa\u00e7\u00e3o termina no dia 25, quando ocorrer\u00e1 um plantio de 200 mudas \u00e0s margens do rio Jundia\u00ed Mirim, no Clube de Campo da Cereser.<\/p>\n<p><em>Fonte: Prefeitura de Jundia\u00ed<\/em><\/p>\n","protected":false},"excerpt":{"rendered":"<p>Cinco cases da DAE ser\u00e3o destaque durante o F\u00f3rum<\/p>\n","protected":false},"author":10,"featured_media":7566,"comment_status":"closed","ping_status":"closed","sticky":false,"template":"","format":"standard","meta":{"footnotes":""},"categories":[1],"tags":[2112,94,5,15],"class_list":["post-7565","post","type-post","status-publish","format-standard","has-post-thumbnail","hentry","category-noticias","tag-cidades","tag-dae","tag-jundiai","tag-tvtec"],"_links":{"self":[{"href":"https:\/\/tvtecjundiai.com.br\/news\/wp-json\/wp\/v2\/posts\/7565","targetHints":{"allow":["GET"]}}],"collection":[{"href":"https:\/\/tvtecjundiai.com.br\/news\/wp-json\/wp\/v2\/posts"}],"about":[{"href":"https:\/\/tvtecjundiai.com.br\/news\/wp-json\/wp\/v2\/types\/post"}],"author":[{"embeddable":true,"href":"https:\/\/tvtecjundiai.com.br\/news\/wp-json\/wp\/v2\/users\/10"}],"replies":[{"embeddable":true,"href":"https:\/\/tvtecjundiai.com.br\/news\/wp-json\/wp\/v2\/comments?post=7565"}],"version-history":[{"count":2,"href":"https:\/\/tvtecjundiai.com.br\/news\/wp-json\/wp\/v2\/posts\/7565\/revisions"}],"predecessor-version":[{"id":7568,"href":"https:\/\/tvtecjundiai.com.br\/news\/wp-json\/wp\/v2\/posts\/7565\/revisions\/7568"}],"wp:featuredmedia":[{"embeddable":true,"href":"https:\/\/tvtecjundiai.com.br\/news\/wp-json\/wp\/v2\/media\/7566"}],"wp:attachment":[{"href":"https:\/\/tvtecjundiai.com.br\/news\/wp-json\/wp\/v2\/media?parent=7565"}],"wp:term":[{"taxonomy":"category","embeddable":true,"href":"https:\/\/tvtecjundiai.com.br\/news\/wp-json\/wp\/v2\/categories?post=7565"},{"taxonomy":"post_tag","embeddable":true,"href":"https:\/\/tvtecjundiai.com.br\/news\/wp-json\/wp\/v2\/tags?post=7565"}],"curies":[{"name":"wp","href":"https:\/\/api.w.org\/{rel}","templated":true}]}}